{"id":34776,"date":"2024-02-25T10:54:35","date_gmt":"2024-02-25T09:54:35","guid":{"rendered":"https:\/\/blogs.elcomercio.es\/reflexiones-de-belarmino\/?p=34776"},"modified":"2024-02-25T10:54:35","modified_gmt":"2024-02-25T09:54:35","slug":"abalos-reta-a-pedro-sanchez-publicamentey-se-niega-a-dejar-el-escano-habra-respuesta","status":"publish","type":"post","link":"https:\/\/blogs.elcomercio.es\/reflexiones-de-belarmino\/2024\/02\/25\/abalos-reta-a-pedro-sanchez-publicamentey-se-niega-a-dejar-el-escano-habra-respuesta\/","title":{"rendered":"\u00a1\u00a1\u00a1\u00a1\u00c1BALOS RETA A PEDRO SANCHEZ P\u00daBLICAMENTE,Y SE NIEGA A DEJAR EL ESCA\u00d1O. HABR\u00c1 RESPUESTA !!!"},"content":{"rendered":"<p><b>En una televisora, Jos\u00e9 Luis \u00c1balos reto p\u00fablicamente\u00a0al presidente del gobierno y al Partido Socialista Obrero Espa\u00f1ol.&#8221; No renuncio &#8220;. Saldr\u00e1 y dejar\u00e1 su esca\u00f1o, con las espaldas descubiertas ante una investigaci\u00f3n cada\u00a0 vez m\u00e1s intensa de su numero dos.<\/b><\/p>\n<p><b>Sanchez dijo ayer en la reuni\u00f3n de la Internacional Socialista: &#8220;El que la hace la paga&#8221;.Al buen entendedor, pocas palabras.<\/b><\/p>\n<!-- AddThis Advanced Settings generic via filter on the_content --><!-- AddThis Share Buttons generic via filter on the_content -->","protected":false},"excerpt":{"rendered":"<p>En una televisora, Jos\u00e9 Luis \u00c1balos reto p\u00fablicamente\u00a0al presidente del gobierno y al Partido Socialista Obrero Espa\u00f1ol.&#8221; No renuncio &#8220;. Saldr\u00e1 y dejar\u00e1 su esca\u00f1o, con las espaldas descubiertas ante una investigaci\u00f3n cada\u00a0 vez m\u00e1s intensa de su numero dos. Sanchez dijo ayer en la reuni\u00f3n de la Internacional Socialista: &#8220;El que la hace la [&hellip;]<!-- AddThis Advanced Settings generic via filter on get_the_excerpt --><!-- AddThis Share Buttons generic via filter on get_the_excerpt --><\/p>\n","protected":false},"author":16,"featured_media":0,"comment_status":"open","ping_status":"closed","sticky":false,"template":"","format":"standard","meta":[],"categories":[1],"tags":[],"_links":{"self":[{"href":"https:\/\/blogs.elcomercio.es\/reflexiones-de-belarmino\/wp-json\/wp\/v2\/posts\/34776"}],"collection":[{"href":"https:\/\/blogs.elcomercio.es\/reflexiones-de-belarmino\/wp-json\/wp\/v2\/posts"}],"about":[{"href":"https:\/\/blogs.elcomercio.es\/reflexiones-de-belarmino\/wp-json\/wp\/v2\/types\/post"}],"author":[{"embeddable":true,"href":"https:\/\/blogs.elcomercio.es\/reflexiones-de-belarmino\/wp-json\/wp\/v2\/users\/16"}],"replies":[{"embeddable":true,"href":"https:\/\/blogs.elcomercio.es\/reflexiones-de-belarmino\/wp-json\/wp\/v2\/comments?post=34776"}],"version-history":[{"count":1,"href":"https:\/\/blogs.elcomercio.es\/reflexiones-de-belarmino\/wp-json\/wp\/v2\/posts\/34776\/revisions"}],"predecessor-version":[{"id":34777,"href":"https:\/\/blogs.elcomercio.es\/reflexiones-de-belarmino\/wp-json\/wp\/v2\/posts\/34776\/revisions\/34777"}],"wp:attachment":[{"href":"https:\/\/blogs.elcomercio.es\/reflexiones-de-belarmino\/wp-json\/wp\/v2\/media?parent=34776"}],"wp:term":[{"taxonomy":"category","embeddable":true,"href":"https:\/\/blogs.elcomercio.es\/reflexiones-de-belarmino\/wp-json\/wp\/v2\/categories?post=34776"},{"taxonomy":"post_tag","embeddable":true,"href":"https:\/\/blogs.elcomercio.es\/reflexiones-de-belarmino\/wp-json\/wp\/v2\/tags?post=34776"}],"curies":[{"name":"wp","href":"https:\/\/api.w.org\/{rel}","templated":true}]}}