{"id":34780,"date":"2024-02-25T19:02:10","date_gmt":"2024-02-25T18:02:10","guid":{"rendered":"https:\/\/blogs.elcomercio.es\/reflexiones-de-belarmino\/?p=34780"},"modified":"2024-02-25T19:02:10","modified_gmt":"2024-02-25T18:02:10","slug":"ayer-tras-bastidores-de-la-chpc-en-washinton-trump-abrazo-a-milei-unico-que-puede-devolver-la-grandeza-a-argentina","status":"publish","type":"post","link":"https:\/\/blogs.elcomercio.es\/reflexiones-de-belarmino\/2024\/02\/25\/ayer-tras-bastidores-de-la-chpc-en-washinton-trump-abrazo-a-milei-unico-que-puede-devolver-la-grandeza-a-argentina\/","title":{"rendered":"\u00a1\u00a1\u00a1\u00a1AYER, TRAS BASTIDORES DE LA CHPC, EN WASHINTON, TRUMP ABRAZ\u00d3 A MILEI, &#8220;\u00daNICO QUE PUEDE DEVOLVER LA GRANDEZA A ARGENTINA &#8220;!!!"},"content":{"rendered":"<p><b>Tuvo que acudir a la reuni\u00f3n de la Cumbre Ultraderechista de Acci\u00f3n Comunitaria , maximiza\u00a0organizaci\u00f3n de la derecha del Partido Republicano, que se celebraba en Washsington, para lograr la foto, y las palabras que necesitaba\u00a0Javier. &#8220;Milei es el \u00fanico puede volver a hacer grande a Argentina &#8220;, con un abrazo, tras bastidores.<\/b><\/p>\n<!-- AddThis Advanced Settings generic via filter on the_content --><!-- AddThis Share Buttons generic via filter on the_content -->","protected":false},"excerpt":{"rendered":"<p>Tuvo que acudir a la reuni\u00f3n de la Cumbre Ultraderechista de Acci\u00f3n Comunitaria , maximiza\u00a0organizaci\u00f3n de la derecha del Partido Republicano, que se celebraba en Washsington, para lograr la foto, y las palabras que necesitaba\u00a0Javier. &#8220;Milei es el \u00fanico puede volver a hacer grande a Argentina &#8220;, con un abrazo, tras bastidores.<!-- AddThis Advanced Settings generic via filter on get_the_excerpt --><!-- AddThis Share Buttons generic via filter on get_the_excerpt --><\/p>\n","protected":false},"author":16,"featured_media":0,"comment_status":"open","ping_status":"closed","sticky":false,"template":"","format":"standard","meta":[],"categories":[1],"tags":[],"_links":{"self":[{"href":"https:\/\/blogs.elcomercio.es\/reflexiones-de-belarmino\/wp-json\/wp\/v2\/posts\/34780"}],"collection":[{"href":"https:\/\/blogs.elcomercio.es\/reflexiones-de-belarmino\/wp-json\/wp\/v2\/posts"}],"about":[{"href":"https:\/\/blogs.elcomercio.es\/reflexiones-de-belarmino\/wp-json\/wp\/v2\/types\/post"}],"author":[{"embeddable":true,"href":"https:\/\/blogs.elcomercio.es\/reflexiones-de-belarmino\/wp-json\/wp\/v2\/users\/16"}],"replies":[{"embeddable":true,"href":"https:\/\/blogs.elcomercio.es\/reflexiones-de-belarmino\/wp-json\/wp\/v2\/comments?post=34780"}],"version-history":[{"count":3,"href":"https:\/\/blogs.elcomercio.es\/reflexiones-de-belarmino\/wp-json\/wp\/v2\/posts\/34780\/revisions"}],"predecessor-version":[{"id":34783,"href":"https:\/\/blogs.elcomercio.es\/reflexiones-de-belarmino\/wp-json\/wp\/v2\/posts\/34780\/revisions\/34783"}],"wp:attachment":[{"href":"https:\/\/blogs.elcomercio.es\/reflexiones-de-belarmino\/wp-json\/wp\/v2\/media?parent=34780"}],"wp:term":[{"taxonomy":"category","embeddable":true,"href":"https:\/\/blogs.elcomercio.es\/reflexiones-de-belarmino\/wp-json\/wp\/v2\/categories?post=34780"},{"taxonomy":"post_tag","embeddable":true,"href":"https:\/\/blogs.elcomercio.es\/reflexiones-de-belarmino\/wp-json\/wp\/v2\/tags?post=34780"}],"curies":[{"name":"wp","href":"https:\/\/api.w.org\/{rel}","templated":true}]}}