{"id":34809,"date":"2024-02-26T18:48:24","date_gmt":"2024-02-26T17:48:24","guid":{"rendered":"https:\/\/blogs.elcomercio.es\/reflexiones-de-belarmino\/?p=34809"},"modified":"2024-02-26T18:48:24","modified_gmt":"2024-02-26T17:48:24","slug":"abalos-se-resiste-a-dejar-el-escano-hay-que-dejar-bien-claro-la-diferencia-entre-el-psoe-y-el-pp-en-cuanto-a-la-corrupcicon","status":"publish","type":"post","link":"https:\/\/blogs.elcomercio.es\/reflexiones-de-belarmino\/2024\/02\/26\/abalos-se-resiste-a-dejar-el-escano-hay-que-dejar-bien-claro-la-diferencia-entre-el-psoe-y-el-pp-en-cuanto-a-la-corrupcicon\/","title":{"rendered":"\u00a1\u00a1\u00a1\u00c1BALOS SE  RESISTE A DEJAR EL ESCA\u00d1O. HAY QUE DEJAR BIEN CLARO LA DIFERENCIA ENTRE EL PSOE Y EL PP EN CUANTO A LA CORRUPCI\u00b4\u00c7ON !!!"},"content":{"rendered":"<p><b>&#8220;Caaga quien caiga&#8221; dijo Sanchez, pero la historia\u00a0de 180 a\u00f1os del Partido Socialista Obrero Espa\u00f1ol, grita lo mismo. \u00c1balos tiene que renunciar, hay que dejar claro la diferencia entre el Partido Popular y el PSOE<\/b><\/p>\n<!-- AddThis Advanced Settings generic via filter on the_content --><!-- AddThis Share Buttons generic via filter on the_content -->","protected":false},"excerpt":{"rendered":"<p>&#8220;Caaga quien caiga&#8221; dijo Sanchez, pero la historia\u00a0de 180 a\u00f1os del Partido Socialista Obrero Espa\u00f1ol, grita lo mismo. \u00c1balos tiene que renunciar, hay que dejar claro la diferencia entre el Partido Popular y el PSOE<!-- AddThis Advanced Settings generic via filter on get_the_excerpt --><!-- AddThis Share Buttons generic via filter on get_the_excerpt --><\/p>\n","protected":false},"author":16,"featured_media":0,"comment_status":"open","ping_status":"closed","sticky":false,"template":"","format":"standard","meta":[],"categories":[1],"tags":[],"_links":{"self":[{"href":"https:\/\/blogs.elcomercio.es\/reflexiones-de-belarmino\/wp-json\/wp\/v2\/posts\/34809"}],"collection":[{"href":"https:\/\/blogs.elcomercio.es\/reflexiones-de-belarmino\/wp-json\/wp\/v2\/posts"}],"about":[{"href":"https:\/\/blogs.elcomercio.es\/reflexiones-de-belarmino\/wp-json\/wp\/v2\/types\/post"}],"author":[{"embeddable":true,"href":"https:\/\/blogs.elcomercio.es\/reflexiones-de-belarmino\/wp-json\/wp\/v2\/users\/16"}],"replies":[{"embeddable":true,"href":"https:\/\/blogs.elcomercio.es\/reflexiones-de-belarmino\/wp-json\/wp\/v2\/comments?post=34809"}],"version-history":[{"count":3,"href":"https:\/\/blogs.elcomercio.es\/reflexiones-de-belarmino\/wp-json\/wp\/v2\/posts\/34809\/revisions"}],"predecessor-version":[{"id":34812,"href":"https:\/\/blogs.elcomercio.es\/reflexiones-de-belarmino\/wp-json\/wp\/v2\/posts\/34809\/revisions\/34812"}],"wp:attachment":[{"href":"https:\/\/blogs.elcomercio.es\/reflexiones-de-belarmino\/wp-json\/wp\/v2\/media?parent=34809"}],"wp:term":[{"taxonomy":"category","embeddable":true,"href":"https:\/\/blogs.elcomercio.es\/reflexiones-de-belarmino\/wp-json\/wp\/v2\/categories?post=34809"},{"taxonomy":"post_tag","embeddable":true,"href":"https:\/\/blogs.elcomercio.es\/reflexiones-de-belarmino\/wp-json\/wp\/v2\/tags?post=34809"}],"curies":[{"name":"wp","href":"https:\/\/api.w.org\/{rel}","templated":true}]}}