{"id":34823,"date":"2024-02-27T12:31:09","date_gmt":"2024-02-27T11:31:09","guid":{"rendered":"https:\/\/blogs.elcomercio.es\/reflexiones-de-belarmino\/?p=34823"},"modified":"2024-02-27T12:31:39","modified_gmt":"2024-02-27T11:31:39","slug":"en-el-grupo-mixto-ya-estamos-completos-nestor-riego-mientras-abalos-se-niega-a-entregara-el-acta","status":"publish","type":"post","link":"https:\/\/blogs.elcomercio.es\/reflexiones-de-belarmino\/2024\/02\/27\/en-el-grupo-mixto-ya-estamos-completos-nestor-riego-mientras-abalos-se-niega-a-entregara-el-acta\/","title":{"rendered":"\u00a1\u00a1\u00a1\u00a1&#8221; EN EL GRUPO MIXTO YA ESTAMOS COMPLETOS&#8221;: NESTOR RIEGO, MIENTRAS ABALOS SE NIEGA A ENTREGARA EL ACTA !!!"},"content":{"rendered":"<p><b>Son las 12.13, una hora m\u00e1s de las 24 horas que le dio la Ejecutiva del PSOE a Jos\u00e9 Luis Abalos, para entregar. Salvo informaciones, en este momento de la cadena SER de que no lo har\u00e1 , y los comentarios de Santos Cerda hace un momento, tras visitarlos ayer en su casa, sin \u00e9xito, de que &#8220;posiblemente dar\u00e1 una\u00a0conferencia de prensa esta ma\u00f1ana&#8221;.En ese marco, ante su posible expulsi\u00f3n del PSOE y que pueda irse al Grupo Mixto para salvar su &#8220;inmunidad parlamentaria&#8221;, Nestor Riego acaba de declarar que &#8221; en el GRUPO MIXTO YA ESTAMOS COMPLETOS &#8220;.<\/b><\/p>\n<p><b>Retar\u00a0 no a Pedro Sanchez sino a su partido, puede ser mala consejera, por que hay tantas cosas alrededor del Caso Koldo, y no s\u00f3lo la venta de las mascarillas, sino de la creaci\u00f3n\u00a0con el Presidente del Zamora de blanqueo de capitales en Andorra y Brasil, que en cuanto se abra, el secreto de sumario, va a salir mal parado.<\/b><\/p>\n<p><strong>Koldo era\u00a0 hombre de seguridad de una disco\u00a0 en su ciudad, con discapacidad. Santos Cerd\u00e1n lo incorpora con Abalos y \u00e9ste &#8220;prohombnre del PSOE&#8221; en ese momento, secretario de organizaci\u00f3n del partido y Ministro de fomento, lo convierte en su mano derecha de\u00a0 quien con discapacidad, se vuelve el asesor principal de Abalos y luego mete a Fomento a su esposa y a su otro hermano(3 hermanos con discapacidad).<\/strong><\/p>\n<p><b>Hay 19 imputados y mucha informaci\u00f3n\u00a0por saber.<\/b><\/p>\n<p><b>Por supuesto Isabel D\u00edaz Ayuso no tiene ninguna autoridad\u00a0moral, por que el primer caso fue el de su hermana\u00a0en las comisiones de las mascarillas y sigue libre..<\/b><\/p>\n<p><strong>No lo apreciamos, desde dentro de Espa\u00f1a, pero la corrupci\u00f3n desde el anterior\u00a0 Jefe del Estado hasta abajo, se ha ramificado como un c\u00e1ncer principal problema del pa\u00eds, que nos va a pasar factura.<\/strong><\/p>\n<p>&nbsp;<\/p>\n<!-- AddThis Advanced Settings generic via filter on the_content --><!-- AddThis Share Buttons generic via filter on the_content -->","protected":false},"excerpt":{"rendered":"<p>Son las 12.13, una hora m\u00e1s de las 24 horas que le dio la Ejecutiva del PSOE a Jos\u00e9 Luis Abalos, para entregar. Salvo informaciones, en este momento de la cadena SER de que no lo har\u00e1 , y los comentarios de Santos Cerda hace un momento, tras visitarlos ayer en su casa, sin \u00e9xito, [&hellip;]<!-- AddThis Advanced Settings generic via filter on get_the_excerpt --><!-- AddThis Share Buttons generic via filter on get_the_excerpt --><\/p>\n","protected":false},"author":16,"featured_media":0,"comment_status":"open","ping_status":"closed","sticky":false,"template":"","format":"standard","meta":[],"categories":[1],"tags":[],"_links":{"self":[{"href":"https:\/\/blogs.elcomercio.es\/reflexiones-de-belarmino\/wp-json\/wp\/v2\/posts\/34823"}],"collection":[{"href":"https:\/\/blogs.elcomercio.es\/reflexiones-de-belarmino\/wp-json\/wp\/v2\/posts"}],"about":[{"href":"https:\/\/blogs.elcomercio.es\/reflexiones-de-belarmino\/wp-json\/wp\/v2\/types\/post"}],"author":[{"embeddable":true,"href":"https:\/\/blogs.elcomercio.es\/reflexiones-de-belarmino\/wp-json\/wp\/v2\/users\/16"}],"replies":[{"embeddable":true,"href":"https:\/\/blogs.elcomercio.es\/reflexiones-de-belarmino\/wp-json\/wp\/v2\/comments?post=34823"}],"version-history":[{"count":2,"href":"https:\/\/blogs.elcomercio.es\/reflexiones-de-belarmino\/wp-json\/wp\/v2\/posts\/34823\/revisions"}],"predecessor-version":[{"id":34825,"href":"https:\/\/blogs.elcomercio.es\/reflexiones-de-belarmino\/wp-json\/wp\/v2\/posts\/34823\/revisions\/34825"}],"wp:attachment":[{"href":"https:\/\/blogs.elcomercio.es\/reflexiones-de-belarmino\/wp-json\/wp\/v2\/media?parent=34823"}],"wp:term":[{"taxonomy":"category","embeddable":true,"href":"https:\/\/blogs.elcomercio.es\/reflexiones-de-belarmino\/wp-json\/wp\/v2\/categories?post=34823"},{"taxonomy":"post_tag","embeddable":true,"href":"https:\/\/blogs.elcomercio.es\/reflexiones-de-belarmino\/wp-json\/wp\/v2\/tags?post=34823"}],"curies":[{"name":"wp","href":"https:\/\/api.w.org\/{rel}","templated":true}]}}