{"id":34864,"date":"2024-02-29T10:38:22","date_gmt":"2024-02-29T09:38:22","guid":{"rendered":"https:\/\/blogs.elcomercio.es\/reflexiones-de-belarmino\/?p=34864"},"modified":"2024-02-29T10:38:22","modified_gmt":"2024-02-29T09:38:22","slug":"empieza-la-primera-etapa-de-la-derecha-acose-y-derribo-del-gobierno-van-tras-armengol-y-tratan-de-involucrar-a-la-esposa-de-sanchez","status":"publish","type":"post","link":"https:\/\/blogs.elcomercio.es\/reflexiones-de-belarmino\/2024\/02\/29\/empieza-la-primera-etapa-de-la-derecha-acose-y-derribo-del-gobierno-van-tras-armengol-y-tratan-de-involucrar-a-la-esposa-de-sanchez\/","title":{"rendered":"\u00a1\u00a1\u00a1EMPIEZA LA PRIMERA ETAPA DE LA DERECHA. ACOSE Y DERRIBO DEL GOBIERNO-VAN TRAS ARMENGOL Y TRATAN DE  INVOLUCRAR A LA ESPOSA DE SANCHEZ !!!"},"content":{"rendered":"<p><b>Es muy f\u00e1cil. Sintonice la 13 en la noche, luego la 5 y la 3 en la ma\u00f1ana, la Raz\u00f3n y El Mundo,vea a las primeras espadas aparecer\u00a0como Paco Marhuenda y no necesita\u00a0m\u00e1s. Hay una campa\u00f1a\u00a0nacional operada\u00a0por\u00a0la derecha politica y mediata para derribar al gobierno. Abalos, Armengol, Santos Cerda y Marlaska y sueltan sutilmente una conversaci\u00f3n en un Congreso de la esposa de Pedro Sanchez, con Fidalgo de Air Europa y el comisionista actual. Metan lo\u00a0en una licuadora, incorpore los Fondos Europeos y deles tiempo Ayer present\u00e9 una hip\u00f3tesis\u00a0 de trabajo que se va a cumplir escrupulosamente. Primer objetivo: derribar el Gobierno.<\/b><\/p>\n<!-- AddThis Advanced Settings generic via filter on the_content --><!-- AddThis Share Buttons generic via filter on the_content -->","protected":false},"excerpt":{"rendered":"<p>Es muy f\u00e1cil. Sintonice la 13 en la noche, luego la 5 y la 3 en la ma\u00f1ana, la Raz\u00f3n y El Mundo,vea a las primeras espadas aparecer\u00a0como Paco Marhuenda y no necesita\u00a0m\u00e1s. Hay una campa\u00f1a\u00a0nacional operada\u00a0por\u00a0la derecha politica y mediata para derribar al gobierno. Abalos, Armengol, Santos Cerda y Marlaska y sueltan sutilmente una [&hellip;]<!-- AddThis Advanced Settings generic via filter on get_the_excerpt --><!-- AddThis Share Buttons generic via filter on get_the_excerpt --><\/p>\n","protected":false},"author":16,"featured_media":0,"comment_status":"open","ping_status":"closed","sticky":false,"template":"","format":"standard","meta":[],"categories":[1],"tags":[],"_links":{"self":[{"href":"https:\/\/blogs.elcomercio.es\/reflexiones-de-belarmino\/wp-json\/wp\/v2\/posts\/34864"}],"collection":[{"href":"https:\/\/blogs.elcomercio.es\/reflexiones-de-belarmino\/wp-json\/wp\/v2\/posts"}],"about":[{"href":"https:\/\/blogs.elcomercio.es\/reflexiones-de-belarmino\/wp-json\/wp\/v2\/types\/post"}],"author":[{"embeddable":true,"href":"https:\/\/blogs.elcomercio.es\/reflexiones-de-belarmino\/wp-json\/wp\/v2\/users\/16"}],"replies":[{"embeddable":true,"href":"https:\/\/blogs.elcomercio.es\/reflexiones-de-belarmino\/wp-json\/wp\/v2\/comments?post=34864"}],"version-history":[{"count":1,"href":"https:\/\/blogs.elcomercio.es\/reflexiones-de-belarmino\/wp-json\/wp\/v2\/posts\/34864\/revisions"}],"predecessor-version":[{"id":34865,"href":"https:\/\/blogs.elcomercio.es\/reflexiones-de-belarmino\/wp-json\/wp\/v2\/posts\/34864\/revisions\/34865"}],"wp:attachment":[{"href":"https:\/\/blogs.elcomercio.es\/reflexiones-de-belarmino\/wp-json\/wp\/v2\/media?parent=34864"}],"wp:term":[{"taxonomy":"category","embeddable":true,"href":"https:\/\/blogs.elcomercio.es\/reflexiones-de-belarmino\/wp-json\/wp\/v2\/categories?post=34864"},{"taxonomy":"post_tag","embeddable":true,"href":"https:\/\/blogs.elcomercio.es\/reflexiones-de-belarmino\/wp-json\/wp\/v2\/tags?post=34864"}],"curies":[{"name":"wp","href":"https:\/\/api.w.org\/{rel}","templated":true}]}}