{"id":34877,"date":"2024-02-29T17:59:46","date_gmt":"2024-02-29T16:59:46","guid":{"rendered":"https:\/\/blogs.elcomercio.es\/reflexiones-de-belarmino\/?p=34877"},"modified":"2024-02-29T17:59:46","modified_gmt":"2024-02-29T16:59:46","slug":"un-juez-situa-a-abalos-como-intermediario-en-baleares","status":"publish","type":"post","link":"https:\/\/blogs.elcomercio.es\/reflexiones-de-belarmino\/2024\/02\/29\/un-juez-situa-a-abalos-como-intermediario-en-baleares\/","title":{"rendered":"\u00a1\u00a1\u00a1\u00a1UN JUEZ SITUA A \u00c1BALOS COMO &#8220;INTERMEDIARIO&#8221; EN BALEARES !!!!"},"content":{"rendered":"<p><b>Se complica la situaci\u00f3n del gobierno. Un juez acaba de situar a Jos\u00e9 Luis \u00c1balos, como intermediario ante el\u00a0 gobierno de Baleares al intervenir para que la Trama Koldo les devolviese 2.6 millones de euros al detectarse el problema\u00a0de las mascarillas.<\/b><\/p>\n<!-- AddThis Advanced Settings generic via filter on the_content --><!-- AddThis Share Buttons generic via filter on the_content -->","protected":false},"excerpt":{"rendered":"<p>Se complica la situaci\u00f3n del gobierno. Un juez acaba de situar a Jos\u00e9 Luis \u00c1balos, como intermediario ante el\u00a0 gobierno de Baleares al intervenir para que la Trama Koldo les devolviese 2.6 millones de euros al detectarse el problema\u00a0de las mascarillas.<!-- AddThis Advanced Settings generic via filter on get_the_excerpt --><!-- AddThis Share Buttons generic via filter on get_the_excerpt --><\/p>\n","protected":false},"author":16,"featured_media":0,"comment_status":"open","ping_status":"closed","sticky":false,"template":"","format":"standard","meta":[],"categories":[1],"tags":[],"_links":{"self":[{"href":"https:\/\/blogs.elcomercio.es\/reflexiones-de-belarmino\/wp-json\/wp\/v2\/posts\/34877"}],"collection":[{"href":"https:\/\/blogs.elcomercio.es\/reflexiones-de-belarmino\/wp-json\/wp\/v2\/posts"}],"about":[{"href":"https:\/\/blogs.elcomercio.es\/reflexiones-de-belarmino\/wp-json\/wp\/v2\/types\/post"}],"author":[{"embeddable":true,"href":"https:\/\/blogs.elcomercio.es\/reflexiones-de-belarmino\/wp-json\/wp\/v2\/users\/16"}],"replies":[{"embeddable":true,"href":"https:\/\/blogs.elcomercio.es\/reflexiones-de-belarmino\/wp-json\/wp\/v2\/comments?post=34877"}],"version-history":[{"count":1,"href":"https:\/\/blogs.elcomercio.es\/reflexiones-de-belarmino\/wp-json\/wp\/v2\/posts\/34877\/revisions"}],"predecessor-version":[{"id":34878,"href":"https:\/\/blogs.elcomercio.es\/reflexiones-de-belarmino\/wp-json\/wp\/v2\/posts\/34877\/revisions\/34878"}],"wp:attachment":[{"href":"https:\/\/blogs.elcomercio.es\/reflexiones-de-belarmino\/wp-json\/wp\/v2\/media?parent=34877"}],"wp:term":[{"taxonomy":"category","embeddable":true,"href":"https:\/\/blogs.elcomercio.es\/reflexiones-de-belarmino\/wp-json\/wp\/v2\/categories?post=34877"},{"taxonomy":"post_tag","embeddable":true,"href":"https:\/\/blogs.elcomercio.es\/reflexiones-de-belarmino\/wp-json\/wp\/v2\/tags?post=34877"}],"curies":[{"name":"wp","href":"https:\/\/api.w.org\/{rel}","templated":true}]}}