{"id":34900,"date":"2024-03-02T10:50:03","date_gmt":"2024-03-02T09:50:03","guid":{"rendered":"https:\/\/blogs.elcomercio.es\/reflexiones-de-belarmino\/?p=34900"},"modified":"2024-03-02T10:50:03","modified_gmt":"2024-03-02T09:50:03","slug":"final-de-la-aventura-de-iraragorri-en-el-2026habran-jugado-juntos-pele-maradona-y-messi-en-el-azteca","status":"publish","type":"post","link":"https:\/\/blogs.elcomercio.es\/reflexiones-de-belarmino\/2024\/03\/02\/final-de-la-aventura-de-iraragorri-en-el-2026habran-jugado-juntos-pele-maradona-y-messi-en-el-azteca\/","title":{"rendered":"\u00a1\u00a1\u00a1\u00a1FINAL DE LA AVENTURA DE IRARAGORRI.- EN EL 2026,\u00bfHABR\u00c1N JUGADO JUNTOS PELE, MARADONA Y MESSI EN EL AZTECA ?!!!"},"content":{"rendered":"<p><b>Se acab\u00f3 la aventura del de JALISCO.-\u00a0 Gij\u00f3n no se hipotecar\u00e1 por un negocio. La pregunta que nos\u00a0hacemos\u00a0los aficionados al f\u00fatbol es si en 2026, en dos a\u00f1os, el estadio Azteca, con capacidad para 100,000, que fue testigo de dos mundiales y sabore\u00f3,\u00a0 a Pele y a Maradona, \u00bf tendr\u00e1 la oportunidad de tener a Messi completando el ciclo ?<\/b><\/p>\n<!-- AddThis Advanced Settings generic via filter on the_content --><!-- AddThis Share Buttons generic via filter on the_content -->","protected":false},"excerpt":{"rendered":"<p>Se acab\u00f3 la aventura del de JALISCO.-\u00a0 Gij\u00f3n no se hipotecar\u00e1 por un negocio. La pregunta que nos\u00a0hacemos\u00a0los aficionados al f\u00fatbol es si en 2026, en dos a\u00f1os, el estadio Azteca, con capacidad para 100,000, que fue testigo de dos mundiales y sabore\u00f3,\u00a0 a Pele y a Maradona, \u00bf tendr\u00e1 la oportunidad de tener a [&hellip;]<!-- AddThis Advanced Settings generic via filter on get_the_excerpt --><!-- AddThis Share Buttons generic via filter on get_the_excerpt --><\/p>\n","protected":false},"author":16,"featured_media":0,"comment_status":"open","ping_status":"closed","sticky":false,"template":"","format":"standard","meta":[],"categories":[1],"tags":[],"_links":{"self":[{"href":"https:\/\/blogs.elcomercio.es\/reflexiones-de-belarmino\/wp-json\/wp\/v2\/posts\/34900"}],"collection":[{"href":"https:\/\/blogs.elcomercio.es\/reflexiones-de-belarmino\/wp-json\/wp\/v2\/posts"}],"about":[{"href":"https:\/\/blogs.elcomercio.es\/reflexiones-de-belarmino\/wp-json\/wp\/v2\/types\/post"}],"author":[{"embeddable":true,"href":"https:\/\/blogs.elcomercio.es\/reflexiones-de-belarmino\/wp-json\/wp\/v2\/users\/16"}],"replies":[{"embeddable":true,"href":"https:\/\/blogs.elcomercio.es\/reflexiones-de-belarmino\/wp-json\/wp\/v2\/comments?post=34900"}],"version-history":[{"count":1,"href":"https:\/\/blogs.elcomercio.es\/reflexiones-de-belarmino\/wp-json\/wp\/v2\/posts\/34900\/revisions"}],"predecessor-version":[{"id":34901,"href":"https:\/\/blogs.elcomercio.es\/reflexiones-de-belarmino\/wp-json\/wp\/v2\/posts\/34900\/revisions\/34901"}],"wp:attachment":[{"href":"https:\/\/blogs.elcomercio.es\/reflexiones-de-belarmino\/wp-json\/wp\/v2\/media?parent=34900"}],"wp:term":[{"taxonomy":"category","embeddable":true,"href":"https:\/\/blogs.elcomercio.es\/reflexiones-de-belarmino\/wp-json\/wp\/v2\/categories?post=34900"},{"taxonomy":"post_tag","embeddable":true,"href":"https:\/\/blogs.elcomercio.es\/reflexiones-de-belarmino\/wp-json\/wp\/v2\/tags?post=34900"}],"curies":[{"name":"wp","href":"https:\/\/api.w.org\/{rel}","templated":true}]}}