{"id":34902,"date":"2024-03-02T11:37:10","date_gmt":"2024-03-02T10:37:10","guid":{"rendered":"https:\/\/blogs.elcomercio.es\/reflexiones-de-belarmino\/?p=34902"},"modified":"2024-03-02T11:37:10","modified_gmt":"2024-03-02T10:37:10","slug":"se-aprobara-la-ley-de-amnistia-y-habra-avance-en-la-busqueda-de-la-normalizacion-en-cataluna","status":"publish","type":"post","link":"https:\/\/blogs.elcomercio.es\/reflexiones-de-belarmino\/2024\/03\/02\/se-aprobara-la-ley-de-amnistia-y-habra-avance-en-la-busqueda-de-la-normalizacion-en-cataluna\/","title":{"rendered":"\u00a1\u00a1\u00a1 SE APROBAR\u00c1 LA LEY DE AMNIST\u00cdA Y HABR\u00c1 AVANCE EN LA B\u00daSQUEDA DE LA NORMALIZACI\u00d3N EN CATALU\u00d1A !!!"},"content":{"rendered":"<p><b>Esta semana pr\u00f3xima la Ley\u00a0 de Aministia se aprobar\u00e1\u00a0en el Congreso. Con ello, la triste historia desde aquel 2012, el 2019, la lucha entre la politica y los tribunales que no conven\u00eda m\u00e1s a los que que quieren que Espa\u00f1a siga en permanente\u00a0conflicto y que, distra\u00eddos\u00a0por el caso Abalos sacaron toda su artilleria, mientras que El Gobierno, Junts y todas las fuerzas opuestas a la minor\u00eda que significan el PP y Vox, preparan\u00a0la votaci\u00f3n para sacar adelante la ley de Amnist\u00eda.<\/b><\/p>\n<p><strong>De ser as\u00ed, el Gobierno habr\u00e1 dado un gran avance y consolida la mayor\u00eda<\/strong><\/p>\n<!-- AddThis Advanced Settings generic via filter on the_content --><!-- AddThis Share Buttons generic via filter on the_content -->","protected":false},"excerpt":{"rendered":"<p>Esta semana pr\u00f3xima la Ley\u00a0 de Aministia se aprobar\u00e1\u00a0en el Congreso. Con ello, la triste historia desde aquel 2012, el 2019, la lucha entre la politica y los tribunales que no conven\u00eda m\u00e1s a los que que quieren que Espa\u00f1a siga en permanente\u00a0conflicto y que, distra\u00eddos\u00a0por el caso Abalos sacaron toda su artilleria, mientras que [&hellip;]<!-- AddThis Advanced Settings generic via filter on get_the_excerpt --><!-- AddThis Share Buttons generic via filter on get_the_excerpt --><\/p>\n","protected":false},"author":16,"featured_media":0,"comment_status":"open","ping_status":"closed","sticky":false,"template":"","format":"standard","meta":[],"categories":[1],"tags":[],"_links":{"self":[{"href":"https:\/\/blogs.elcomercio.es\/reflexiones-de-belarmino\/wp-json\/wp\/v2\/posts\/34902"}],"collection":[{"href":"https:\/\/blogs.elcomercio.es\/reflexiones-de-belarmino\/wp-json\/wp\/v2\/posts"}],"about":[{"href":"https:\/\/blogs.elcomercio.es\/reflexiones-de-belarmino\/wp-json\/wp\/v2\/types\/post"}],"author":[{"embeddable":true,"href":"https:\/\/blogs.elcomercio.es\/reflexiones-de-belarmino\/wp-json\/wp\/v2\/users\/16"}],"replies":[{"embeddable":true,"href":"https:\/\/blogs.elcomercio.es\/reflexiones-de-belarmino\/wp-json\/wp\/v2\/comments?post=34902"}],"version-history":[{"count":1,"href":"https:\/\/blogs.elcomercio.es\/reflexiones-de-belarmino\/wp-json\/wp\/v2\/posts\/34902\/revisions"}],"predecessor-version":[{"id":34903,"href":"https:\/\/blogs.elcomercio.es\/reflexiones-de-belarmino\/wp-json\/wp\/v2\/posts\/34902\/revisions\/34903"}],"wp:attachment":[{"href":"https:\/\/blogs.elcomercio.es\/reflexiones-de-belarmino\/wp-json\/wp\/v2\/media?parent=34902"}],"wp:term":[{"taxonomy":"category","embeddable":true,"href":"https:\/\/blogs.elcomercio.es\/reflexiones-de-belarmino\/wp-json\/wp\/v2\/categories?post=34902"},{"taxonomy":"post_tag","embeddable":true,"href":"https:\/\/blogs.elcomercio.es\/reflexiones-de-belarmino\/wp-json\/wp\/v2\/tags?post=34902"}],"curies":[{"name":"wp","href":"https:\/\/api.w.org\/{rel}","templated":true}]}}