{"id":34904,"date":"2024-03-02T12:12:13","date_gmt":"2024-03-02T11:12:13","guid":{"rendered":"https:\/\/blogs.elcomercio.es\/reflexiones-de-belarmino\/?p=34904"},"modified":"2024-03-02T12:12:13","modified_gmt":"2024-03-02T11:12:13","slug":"claudia-una-mujer-gran-lider-de-61-anos-arropada-por-centenares-de-miles-de-mexicanos-inicio-ayer-su-camino-a-la-presidencia-de-mexico","status":"publish","type":"post","link":"https:\/\/blogs.elcomercio.es\/reflexiones-de-belarmino\/2024\/03\/02\/claudia-una-mujer-gran-lider-de-61-anos-arropada-por-centenares-de-miles-de-mexicanos-inicio-ayer-su-camino-a-la-presidencia-de-mexico\/","title":{"rendered":"\u00a1\u00a1\u00a1\u00a1 CLAUDIA, UNA MUJER, GRAN L\u00cdDER, DE 61 A\u00d1OS, ARROPADA POR CENTENARES DE MILES DE MEXICANOS INICI\u00d3 AYER SU CAMINO A LA PRESIDENCIA DE M\u00c9XICO !!!"},"content":{"rendered":"<p><b>&#8221; Tengo claro de que soy parte de un movimiento social que viene de lejos, que no llegu\u00e9 aqu\u00ed\u00a0sola\u00a0y que el triunfo del 2 de junio ser\u00e1 el triunfo del pueblo mexicano&#8221;, dijo ayer ante centenares de miles de mexicanas y mexicanos en el Z\u00f3calo y todas sus calles adyacentes, CLAUDIA SCHEINBAUM\u00a0 la mujer de 61 a\u00f1os al iniciar su campa\u00f1a electoral, bajo el lema: &#8221; SIGAMOS HACIENDO HISTORIA&#8221;., reiter\u00e1ndole\u00a0a Andr\u00e9s Manuel L\u00f3pez Obrador: &#8221; Cuidaremos tu legado &#8220;.<\/b><\/p>\n<p><strong>&#8221; Con el pueblo, por el pueblo, \u00a1\u00a1VAMOS PUEBLO!!.Esta es la hora de de seguir conquistando la esperanza y el porvenir. QUE VIVA LA CUARTA TRANSFORMACI\u00d3N &#8220;<\/strong><\/p>\n<p><b>Al grito de &#8221; Presidenta, presidenta, &#8221; centenares\u00a0de miles de voces,\u00a0 retumbaron el centro de la naci\u00f3n.<\/b><\/p>\n<p><b>No se equivoquen, Claudia Scheinbaum es una gran\u00a0lider, nacionalista, luchadora\u00a0de toda su vida, honesta y muy capaz.<\/b><\/p>\n<p><b>Nos conocemos todos, participantes en el Movimiento Estudiantil\u00a0Popular de 1968, que recog\u00eda\u00a0las luchas de todos los ca\u00eddos, encarcelados, antes y durante el proceso post revolucionario<\/b><\/p>\n<p><strong>Si Andr\u00e9s Manuel, fue un lider de los que surgen cada 100 a\u00f1os, y abri\u00f3 el camino, a Claudia, nadie la subestime.<\/strong><\/p>\n<p><strong>El primer ministro, cuya Jefe de Estado es el rey Carlos III del Reino Unidos, el se\u00f1or Trudeau, equivoc\u00f3 el tir\u00f3 al subestimar al pueblo mexicano<\/strong><\/p>\n<p>&nbsp;<\/p>\n<p>&nbsp;<\/p>\n<p>&nbsp;<\/p>\n<!-- AddThis Advanced Settings generic via filter on the_content --><!-- AddThis Share Buttons generic via filter on the_content -->","protected":false},"excerpt":{"rendered":"<p>&#8221; Tengo claro de que soy parte de un movimiento social que viene de lejos, que no llegu\u00e9 aqu\u00ed\u00a0sola\u00a0y que el triunfo del 2 de junio ser\u00e1 el triunfo del pueblo mexicano&#8221;, dijo ayer ante centenares de miles de mexicanas y mexicanos en el Z\u00f3calo y todas sus calles adyacentes, CLAUDIA SCHEINBAUM\u00a0 la mujer de [&hellip;]<!-- AddThis Advanced Settings generic via filter on get_the_excerpt --><!-- AddThis Share Buttons generic via filter on get_the_excerpt --><\/p>\n","protected":false},"author":16,"featured_media":0,"comment_status":"open","ping_status":"closed","sticky":false,"template":"","format":"standard","meta":[],"categories":[1],"tags":[],"_links":{"self":[{"href":"https:\/\/blogs.elcomercio.es\/reflexiones-de-belarmino\/wp-json\/wp\/v2\/posts\/34904"}],"collection":[{"href":"https:\/\/blogs.elcomercio.es\/reflexiones-de-belarmino\/wp-json\/wp\/v2\/posts"}],"about":[{"href":"https:\/\/blogs.elcomercio.es\/reflexiones-de-belarmino\/wp-json\/wp\/v2\/types\/post"}],"author":[{"embeddable":true,"href":"https:\/\/blogs.elcomercio.es\/reflexiones-de-belarmino\/wp-json\/wp\/v2\/users\/16"}],"replies":[{"embeddable":true,"href":"https:\/\/blogs.elcomercio.es\/reflexiones-de-belarmino\/wp-json\/wp\/v2\/comments?post=34904"}],"version-history":[{"count":5,"href":"https:\/\/blogs.elcomercio.es\/reflexiones-de-belarmino\/wp-json\/wp\/v2\/posts\/34904\/revisions"}],"predecessor-version":[{"id":34909,"href":"https:\/\/blogs.elcomercio.es\/reflexiones-de-belarmino\/wp-json\/wp\/v2\/posts\/34904\/revisions\/34909"}],"wp:attachment":[{"href":"https:\/\/blogs.elcomercio.es\/reflexiones-de-belarmino\/wp-json\/wp\/v2\/media?parent=34904"}],"wp:term":[{"taxonomy":"category","embeddable":true,"href":"https:\/\/blogs.elcomercio.es\/reflexiones-de-belarmino\/wp-json\/wp\/v2\/categories?post=34904"},{"taxonomy":"post_tag","embeddable":true,"href":"https:\/\/blogs.elcomercio.es\/reflexiones-de-belarmino\/wp-json\/wp\/v2\/tags?post=34904"}],"curies":[{"name":"wp","href":"https:\/\/api.w.org\/{rel}","templated":true}]}}