{"id":34939,"date":"2024-03-04T13:40:04","date_gmt":"2024-03-04T12:40:04","guid":{"rendered":"https:\/\/blogs.elcomercio.es\/reflexiones-de-belarmino\/?p=34939"},"modified":"2024-03-04T13:40:04","modified_gmt":"2024-03-04T12:40:04","slug":"rafael-fernandez-tomas-uno-mas-de-los-sin-nombre","status":"publish","type":"post","link":"https:\/\/blogs.elcomercio.es\/reflexiones-de-belarmino\/2024\/03\/04\/rafael-fernandez-tomas-uno-mas-de-los-sin-nombre\/","title":{"rendered":"\u00a1\u00a1\u00a1\u00a1\u00a1RAFAEL FERNANDEZ TOMAS, UNO MAS DE LOS SIN NOMBRE !!!"},"content":{"rendered":"<p><b>Rafael Fernandez Tom\u00e1s naci\u00f3\u00a0en la ciudad de M\u00e9xico el 29 de febrero de 1940. Nieto de Belarmino Tom\u00e1s, lider de la Revoluci\u00f3n de Octubre\u00a0 y presidente del Consejo Soberano de Asturias y Le\u00f3n, e hijo de Rafael Fernandez Alvarez primer presidente del Principado de Espa\u00f1a, tras caer Franco y de la dirigente socialista Purificaci\u00f3n Tom\u00e1s. Hizo sus estudios en el Colegio Madrid(1946-1956) y\u00a0 estudio en la UNAM cuatro a\u00f1os de Ingenieria Civil y finalmente graduado como licenciado en Ciencias Pol\u00edticas y Sociales de la Universidad Iberoamericana.<\/b><\/p>\n<p><strong>En una lucha toda su vida entre el No Existas, el Eros y el Tanatos, sali\u00f3 adelante gracias a los genes de Belarmino, siempre entre su pa\u00eds de origen M\u00e9xico y el de sus &#8220;viejos&#8221; en Espa\u00f1a.Sin ambiciones enfrent\u00f3 la vida como le fue llegando. A los 25 a\u00f1os estaba en la c\u00e1rcel en Oviedo, por ayudar a organizar el Congreso de Juventudes Socialistas en Tolouse. En su regreso a M\u00e9xico fue nombrado Jefe de Personal en el Banco del Atl\u00e1ntico, filial del BNP franc\u00e9s.Con autoestima y recursos,\u00a0 realiza los estudios de sociolog\u00eda, y al surgir el Movimiento Estudiantil Popular de 1968, como dirigente de la Ibero, conoce al pueblo mexicano y empieza su andadura en aquel pa\u00eds. Ese a\u00f1o es detenido en Guanajuato, donde iba a inaugurar una sucursal en San Jos\u00e9 Iturbide, por\u00a0 ser miembro del Consejo Nacional de Huelga. A los 28 hab\u00eda estado detenido en Oviedo y en Guanajuato.<\/strong><\/p>\n<p><strong>En 1970, conmovido por aquel movimiento, inicia los esfuerzos para iniciar un nuevo partido politico en M\u00e9xico. En 1975, el movimiento iniciado por siete personas, Rafael Aguilar Talamantes, Rafael Fern\u00e1ndez Tom\u00e1s, Pedro Etienne, Jorge Amador, Amparo Castro , Teresa Beckman y Graco Ram\u00edrez., logra el registro del primer partido, el Partido Socialista de los Trabajadores, con registro en 16 a\u00f1os.<\/strong><\/p>\n<p><strong>Para hacerlo, su padre le sugiri\u00f3 vender seguros para tener todo el tiempo libre y no depender nunca del partido. Hizo tres grandes seguros,\u00a0 cada uno primer lugar a nivel nacional, el del Instituto Mexicano del Caf\u00e9, en Da\u00f1os, en Seguros la Comercial\u00a0 en 1982 y luego, casado con Lisbeth Mezquita\u00a0 trasladado para salir de la poluci\u00f3n extrema de la ciudad de M\u00e9xico, al nacer sus gemelas Paloma y Acacia Fernandez, en M\u00e9rida Yucat\u00e1n, en Seguros Am\u00e9rica todos los seguros del Gobierno del Estado de Quintana Roo en 1986-1992, y finalmente en\u00a0 Seguros Am\u00e9rica el seguro para 11,000 trabajadores del Gobierno de Yucat\u00e1n.<\/strong><\/p>\n<p><strong>Nunca pidi\u00f3 un peso al partido. Fu\u00e9 secretario de Organizaci\u00f3n del PST hasta 1984,donde su satisfacci\u00f3n era ganar luchas populares en beneficio de campesinos y obreros. En las noches, en la Sierra Madre Oriental u Occidental, lloraba al terminar las reuniones cantando la Internacional. Se sent\u00eda una semilla del PSOE sembrado en M\u00e9xico.<\/strong><\/p>\n<p><strong>Fue Diputado Federal\u00a0 y su presidente en la LV Legislatura de 1991 al 1993,m\u00e1s tarde hizo el Proyecto Moradao para lllevar a Cuahtemoc C\u00e1ardenas a la Jefatura de GObierno de la ciudad de M\u00e9xico, habiendo logrado en 3 meses materializado el proyecto con 100 personas m\u00e1s 150,000 votos. Era darle las gracias, los hijos de los republicanos, al General C\u00e1rdenas que los recibi\u00f3 al llevar a Cuauhtemoc a esa Jefatura.<\/strong><\/p>\n<p><b>Satisfecho por lo hecho, sin ninguna pretensi\u00f3n\u00a0se traslad\u00f3 con su familia en M\u00e9rida, hasta que un d\u00eda nadando en su piscina, una de sus hijas le avisa que la hablan por tel\u00e9fono. Al tomarlo era Pedro Etienne. Cabr\u00f3n te esta buscando Cuauhtemoc, para formar su gobierno. Se traslado a la ciudad de M\u00e9xico y como su operador en Iztacalco, una de las 16 delegaciones, gobern\u00f3 la ciudad de M\u00e9xico de 1997 al 2,000, en una de las m\u00e1s gratas experiencias de su vid, entre ellas organizar la mayor misa de la Iglesia Cat\u00f3lica ene su historia, en un s\u00f3lo lugar, con 3,500,000 asistentes, en la \u00f9ltima visita de Juan Pablo II, la de los 86 pasos.<\/b><\/p>\n<p><b> En el m\u00e1s alto nivel, de un pa\u00eds corrupto, su satisfacci\u00f3n fuehaber salido intocable, lo cual no ten\u00eda ning\u00fan m\u00e9rito tras ser nieto de Belarmino, e hijo de Rafael y Pura.<\/b><\/p>\n<p><strong>Al terminar, visita a Cuauhtemoc C\u00e1rdenass y le da las gracias, le dice que eya no quiere ser funcionario, que de los 17 subdelegados Juridicos y de gobierno sobrevivieron 5 y el \u00fanico que gan\u00f3 la siguiente elecci\u00f3n fu\u00e9 Iztacalco.<\/strong><\/p>\n<p><strong>Y regres\u00f3 a luchar al sureste, he hizo 3 campa\u00f1as electorales en YUcat\u00e1n y Campeche<\/strong><\/p>\n<p><strong>Carlos Salinas de Gortari, genera una crisis mundial en 1994 que finalmente, sin recursos guardados, se trasladan a Cancun, donde casa a sus dos hijas, a la orilla del Mar Caribe, en el atardecer, inolvidables.<\/strong><\/p>\n<p><b>Uno m\u00e1s de los luchadores sociales, de los sin\u00a0 nombre lucho siempre por la Cuarta Transformaci\u00f3n y en pleno apoyo a L\u00f3pez Obrador y estar con el \u00e9l tras el fraude de Felipe Calderon y la intervenci\u00f3n de Aznar y Karl Rowe, sin posibilidades en M\u00e9xico, habla con su familia y con 500 d\u00f3lares y sin saber nada del Estado del Bienestar llega a Madrid, sin boleto de retorno. Sin tocar apellidos en un mes consigue la carta de Emigrante Retornado, y adquiere todos los derechos de 470 euros al mes, un apartamento\u00a0del ERA y cubierta\u00a0la Salud.mientras viva.<\/b><\/p>\n<p><b>Gracias al maltrato de aquellos socialistas asturianos encabezados por Jos\u00e9 Angel Fern\u00e1ndez Villa y Javier Fernandez, se dedica durante\u00a017 a\u00f1os al estudio, a profundizar los conocimientos\u00a0de la historia(tiene sintetizado en 10 cuartillas doble folio, en gr\u00e1ficos\u00a0los 12,000 a\u00f1os del ser humano, desde la ultima\u00a0Glaciaci\u00f3n, y, tras ser editorialista\u00a0de del diario El Comercio, 3 a\u00f1os, en 2015 inicia un blog, trabajando 8 horas diarias, analizando las noticias y socializando la informaci\u00f3n sin cobrar un euro, hasta hoy 4 de marzo del 2024.<\/b><\/p>\n<p><b>17 a\u00f1os s\u00f3lo, con su propio yo, pleno, se hace de memoria extraordinaria, y sin al empezar necesitaba lentes para vista cansada, ahora ni siquiera\u00a0los\u00a0<\/b><b>necesito.<\/b><\/p>\n<p><b>En el inter, entierra a sus &#8221; viejos&#8221;(hab\u00eda tra\u00eddo\u00a0de M\u00e9xico las cenizas de Belarmino y Severina) habia gozado el ver a miles de personas recibirlos y acompa\u00f1arlos en plena tormenta(era 1984), bajo la Internacional que conmovi\u00f3 a todos, . En 1990 entierra, con miles m\u00e1s a Pura, que en el Congreso del PSOE a donde se dirig\u00eda, Felipe Gonz\u00e1lez, dice de ella: &#8221; Pura Tom\u00e1s, ra\u00edz\u00a0y s\u00edmbolo\u00a0del PartidoSocialista Obrero Espa\u00f1ol, y en el 2010 entierra, a su padre\u00a0 y junta las cenizas\u00a0de ambos en el Cementerio del Salvador en Oviedo.<\/b><\/p>\n<p><b>Tras enterrar a sus &#8221; viejos&#8221; se dedica a escribir la vida de ellos y su generaci\u00f3n que permanencia\u00a0en el olvido, y al terminar en febrero del 2023, entrega, en dos maleetas, todo el archivo de la Familia de Belarmino, Rafael, Pura y Rafael hijo.(entre ellas 9 libros:Belarmino, Uno mas de los sin nada; Rafael y Pura 125 a\u00f1os de Moral P\u00fablica; El Parque del paisano, \u00bf o quein fue Purificaci\u00f3n Tom\u00e1s?, Entre Mareas entre el Cantabrico y el Caaribe(su vida) y Memorias de un Morado en dos tomos<\/b><\/p>\n<p><b>Hoy a los 84 a\u00f1os de edad, con 11,000 blogs escritos, mis hijas y mis nietos muy\u00a0bien en Cancun, inicio la Tercera Etapa de mi vida, en plenitud\u00a0f\u00edsica\u00a0y mental,<\/b><\/p>\n<p><b>\u00a0Muy agradecido a las lectoras y lectores que me han seguido estos 11,000 blogs y los 4 a\u00f1os en la WEB Qoshe, que lleva los escritos a tres continentes.<\/b><\/p>\n<p>&nbsp;<\/p>\n<p>&nbsp;<\/p>\n<!-- AddThis Advanced Settings generic via filter on the_content --><!-- AddThis Share Buttons generic via filter on the_content -->","protected":false},"excerpt":{"rendered":"<p>Rafael Fernandez Tom\u00e1s naci\u00f3\u00a0en la ciudad de M\u00e9xico el 29 de febrero de 1940. Nieto de Belarmino Tom\u00e1s, lider de la Revoluci\u00f3n de Octubre\u00a0 y presidente del Consejo Soberano de Asturias y Le\u00f3n, e hijo de Rafael Fernandez Alvarez primer presidente del Principado de Espa\u00f1a, tras caer Franco y de la dirigente socialista Purificaci\u00f3n Tom\u00e1s. [&hellip;]<!-- AddThis Advanced Settings generic via filter on get_the_excerpt --><!-- AddThis Share Buttons generic via filter on get_the_excerpt --><\/p>\n","protected":false},"author":16,"featured_media":0,"comment_status":"open","ping_status":"closed","sticky":false,"template":"","format":"standard","meta":[],"categories":[1],"tags":[],"_links":{"self":[{"href":"https:\/\/blogs.elcomercio.es\/reflexiones-de-belarmino\/wp-json\/wp\/v2\/posts\/34939"}],"collection":[{"href":"https:\/\/blogs.elcomercio.es\/reflexiones-de-belarmino\/wp-json\/wp\/v2\/posts"}],"about":[{"href":"https:\/\/blogs.elcomercio.es\/reflexiones-de-belarmino\/wp-json\/wp\/v2\/types\/post"}],"author":[{"embeddable":true,"href":"https:\/\/blogs.elcomercio.es\/reflexiones-de-belarmino\/wp-json\/wp\/v2\/users\/16"}],"replies":[{"embeddable":true,"href":"https:\/\/blogs.elcomercio.es\/reflexiones-de-belarmino\/wp-json\/wp\/v2\/comments?post=34939"}],"version-history":[{"count":3,"href":"https:\/\/blogs.elcomercio.es\/reflexiones-de-belarmino\/wp-json\/wp\/v2\/posts\/34939\/revisions"}],"predecessor-version":[{"id":34942,"href":"https:\/\/blogs.elcomercio.es\/reflexiones-de-belarmino\/wp-json\/wp\/v2\/posts\/34939\/revisions\/34942"}],"wp:attachment":[{"href":"https:\/\/blogs.elcomercio.es\/reflexiones-de-belarmino\/wp-json\/wp\/v2\/media?parent=34939"}],"wp:term":[{"taxonomy":"category","embeddable":true,"href":"https:\/\/blogs.elcomercio.es\/reflexiones-de-belarmino\/wp-json\/wp\/v2\/categories?post=34939"},{"taxonomy":"post_tag","embeddable":true,"href":"https:\/\/blogs.elcomercio.es\/reflexiones-de-belarmino\/wp-json\/wp\/v2\/tags?post=34939"}],"curies":[{"name":"wp","href":"https:\/\/api.w.org\/{rel}","templated":true}]}}