{"id":34943,"date":"2024-03-04T18:52:50","date_gmt":"2024-03-04T17:52:50","guid":{"rendered":"https:\/\/blogs.elcomercio.es\/reflexiones-de-belarmino\/?p=34943"},"modified":"2024-03-04T18:52:50","modified_gmt":"2024-03-04T17:52:50","slug":"graba-rusia-40-minutos-a-altos-mandos-militares-alemanes-lo-difunde-y-enciende-las-alarmas","status":"publish","type":"post","link":"https:\/\/blogs.elcomercio.es\/reflexiones-de-belarmino\/2024\/03\/04\/graba-rusia-40-minutos-a-altos-mandos-militares-alemanes-lo-difunde-y-enciende-las-alarmas\/","title":{"rendered":"\u00a1\u00a1\u00a1\u00a1\u00a1GRABA RUSIA 40 MINUTOS A ALTOS MANDOS MILITARES  ALEMANES, LO DIFUNDE Y ENCIENDE LAS ALARMAS !!!"},"content":{"rendered":"<p><b>&#8220;Cre\u00edamos\u00a0que la \u00e9poca de las guerras hab\u00edan terminado, 75 a\u00f1os sin ellas, pero han vuelto&#8221;, dec\u00eda Albares el Ministro de Relaciones Exteriores de Espa\u00f1a ayer al conocerse\u00a0que los servicios de inteligencia\u00a0rusos hab\u00edan\u00a0grabado 40 minutos a los m\u00e1s altos multares\u00a0alemanes, hablando\u00a0sobre si intervenir o no en Ucrania.<\/b><\/p>\n<p><b>Putin ha sido m\u00e1s inteligente. Sabedor del proceso hacia\u00a0el mundo multipolar, dej\u00f3 que corriese la declaraci\u00f3n de Macr\u00f3n de que Europa debida\u00a0intervenir militarmente en Rusia, hoy, en forma ins\u00f3lita\u00a0no s\u00f3lo grabo 40 minutos de conversaciones de los\u00a0mas altos militares pensando\u00a0en hacerlo y luego LOS HIZO\u00a0P\u00daBLICOS y ha conmovido, por lo pronto a Europa.<\/b><\/p>\n<p><strong>Ucrania no va a volver a recuperar las\u00a0 fronteras, pero Rusia tampoco va a intervenir en Europa. Pero el atraso en los an\u00e1lisis de Occidente obligaron a Rusia a hacer p\u00fablicos estas grabaciones alemanas.<\/strong><\/p>\n<p><b>Sentimos que el an\u00e1lisis no va por ah\u00ed. Occidente\u00a0con el 18% de territorio, no tiene con que con que parar a los BRICS y al Sur Global, y esto\u00a0nos llevara\u00a0a cambiar todas las instituciones que surgieron de Bretton Woods.<\/b><\/p>\n<p><strong>Las acciones de Israel, han debilitado m\u00e1s a Occidente.<\/strong><\/p>\n<p><b>China observa y act\u00faa, mientras que su socio prioritario ruso consolida sus fronteras, ante el cercano final de la lucha de Ucrania, donde\u00a0 nadie quiere ya reclutarse y dan por perdida esta acci\u00f3n de Rusia.<\/b><\/p>\n<!-- AddThis Advanced Settings generic via filter on the_content --><!-- AddThis Share Buttons generic via filter on the_content -->","protected":false},"excerpt":{"rendered":"<p>&#8220;Cre\u00edamos\u00a0que la \u00e9poca de las guerras hab\u00edan terminado, 75 a\u00f1os sin ellas, pero han vuelto&#8221;, dec\u00eda Albares el Ministro de Relaciones Exteriores de Espa\u00f1a ayer al conocerse\u00a0que los servicios de inteligencia\u00a0rusos hab\u00edan\u00a0grabado 40 minutos a los m\u00e1s altos multares\u00a0alemanes, hablando\u00a0sobre si intervenir o no en Ucrania. Putin ha sido m\u00e1s inteligente. Sabedor del proceso hacia\u00a0el [&hellip;]<!-- AddThis Advanced Settings generic via filter on get_the_excerpt --><!-- AddThis Share Buttons generic via filter on get_the_excerpt --><\/p>\n","protected":false},"author":16,"featured_media":0,"comment_status":"open","ping_status":"closed","sticky":false,"template":"","format":"standard","meta":[],"categories":[1],"tags":[],"_links":{"self":[{"href":"https:\/\/blogs.elcomercio.es\/reflexiones-de-belarmino\/wp-json\/wp\/v2\/posts\/34943"}],"collection":[{"href":"https:\/\/blogs.elcomercio.es\/reflexiones-de-belarmino\/wp-json\/wp\/v2\/posts"}],"about":[{"href":"https:\/\/blogs.elcomercio.es\/reflexiones-de-belarmino\/wp-json\/wp\/v2\/types\/post"}],"author":[{"embeddable":true,"href":"https:\/\/blogs.elcomercio.es\/reflexiones-de-belarmino\/wp-json\/wp\/v2\/users\/16"}],"replies":[{"embeddable":true,"href":"https:\/\/blogs.elcomercio.es\/reflexiones-de-belarmino\/wp-json\/wp\/v2\/comments?post=34943"}],"version-history":[{"count":2,"href":"https:\/\/blogs.elcomercio.es\/reflexiones-de-belarmino\/wp-json\/wp\/v2\/posts\/34943\/revisions"}],"predecessor-version":[{"id":34945,"href":"https:\/\/blogs.elcomercio.es\/reflexiones-de-belarmino\/wp-json\/wp\/v2\/posts\/34943\/revisions\/34945"}],"wp:attachment":[{"href":"https:\/\/blogs.elcomercio.es\/reflexiones-de-belarmino\/wp-json\/wp\/v2\/media?parent=34943"}],"wp:term":[{"taxonomy":"category","embeddable":true,"href":"https:\/\/blogs.elcomercio.es\/reflexiones-de-belarmino\/wp-json\/wp\/v2\/categories?post=34943"},{"taxonomy":"post_tag","embeddable":true,"href":"https:\/\/blogs.elcomercio.es\/reflexiones-de-belarmino\/wp-json\/wp\/v2\/tags?post=34943"}],"curies":[{"name":"wp","href":"https:\/\/api.w.org\/{rel}","templated":true}]}}