{"id":34946,"date":"2024-03-04T18:57:57","date_gmt":"2024-03-04T17:57:57","guid":{"rendered":"https:\/\/blogs.elcomercio.es\/reflexiones-de-belarmino\/?p=34946"},"modified":"2024-03-04T18:57:57","modified_gmt":"2024-03-04T17:57:57","slug":"cae-solo-gijon-mientras-las-13-sedes-se-consolidan-valencia-en-el-aire","status":"publish","type":"post","link":"https:\/\/blogs.elcomercio.es\/reflexiones-de-belarmino\/2024\/03\/04\/cae-solo-gijon-mientras-las-13-sedes-se-consolidan-valencia-en-el-aire\/","title":{"rendered":"\u00a1\u00a1\u00a1\u00a1 CAE S\u00d3LO GIJ\u00d3N, MIENTRAS LAS 13 SEDES SE CONSOLIDAN. VALENCIA EN EL AIRE !!!"},"content":{"rendered":"<p><b>Finalmente la realidad\u00a0se impuso. De las 15 ciudades que se ofrecieron\u00a0como sede del Mundial del 2030 en Espa\u00f1a, la \u00fanica que ha ca\u00eddo\u00a0es Gij\u00f3n. Salvo Valencia, las otras trece sedes est\u00e1n consolidadas.<\/b><\/p>\n<!-- AddThis Advanced Settings generic via filter on the_content --><!-- AddThis Share Buttons generic via filter on the_content -->","protected":false},"excerpt":{"rendered":"<p>Finalmente la realidad\u00a0se impuso. De las 15 ciudades que se ofrecieron\u00a0como sede del Mundial del 2030 en Espa\u00f1a, la \u00fanica que ha ca\u00eddo\u00a0es Gij\u00f3n. Salvo Valencia, las otras trece sedes est\u00e1n consolidadas.<!-- AddThis Advanced Settings generic via filter on get_the_excerpt --><!-- AddThis Share Buttons generic via filter on get_the_excerpt --><\/p>\n","protected":false},"author":16,"featured_media":0,"comment_status":"open","ping_status":"closed","sticky":false,"template":"","format":"standard","meta":[],"categories":[1],"tags":[],"_links":{"self":[{"href":"https:\/\/blogs.elcomercio.es\/reflexiones-de-belarmino\/wp-json\/wp\/v2\/posts\/34946"}],"collection":[{"href":"https:\/\/blogs.elcomercio.es\/reflexiones-de-belarmino\/wp-json\/wp\/v2\/posts"}],"about":[{"href":"https:\/\/blogs.elcomercio.es\/reflexiones-de-belarmino\/wp-json\/wp\/v2\/types\/post"}],"author":[{"embeddable":true,"href":"https:\/\/blogs.elcomercio.es\/reflexiones-de-belarmino\/wp-json\/wp\/v2\/users\/16"}],"replies":[{"embeddable":true,"href":"https:\/\/blogs.elcomercio.es\/reflexiones-de-belarmino\/wp-json\/wp\/v2\/comments?post=34946"}],"version-history":[{"count":1,"href":"https:\/\/blogs.elcomercio.es\/reflexiones-de-belarmino\/wp-json\/wp\/v2\/posts\/34946\/revisions"}],"predecessor-version":[{"id":34947,"href":"https:\/\/blogs.elcomercio.es\/reflexiones-de-belarmino\/wp-json\/wp\/v2\/posts\/34946\/revisions\/34947"}],"wp:attachment":[{"href":"https:\/\/blogs.elcomercio.es\/reflexiones-de-belarmino\/wp-json\/wp\/v2\/media?parent=34946"}],"wp:term":[{"taxonomy":"category","embeddable":true,"href":"https:\/\/blogs.elcomercio.es\/reflexiones-de-belarmino\/wp-json\/wp\/v2\/categories?post=34946"},{"taxonomy":"post_tag","embeddable":true,"href":"https:\/\/blogs.elcomercio.es\/reflexiones-de-belarmino\/wp-json\/wp\/v2\/tags?post=34946"}],"curies":[{"name":"wp","href":"https:\/\/api.w.org\/{rel}","templated":true}]}}