{"id":34948,"date":"2024-03-04T19:15:29","date_gmt":"2024-03-04T18:15:29","guid":{"rendered":"https:\/\/blogs.elcomercio.es\/reflexiones-de-belarmino\/?p=34948"},"modified":"2024-03-04T19:15:29","modified_gmt":"2024-03-04T18:15:29","slug":"tras-el-castigo-ejemplar-a-abalos-pedro-sanchez-y-el-gobierno-de-coalicion-sacaran-adelante-la-amnistia-y-los-presupuestos-del-2024","status":"publish","type":"post","link":"https:\/\/blogs.elcomercio.es\/reflexiones-de-belarmino\/2024\/03\/04\/tras-el-castigo-ejemplar-a-abalos-pedro-sanchez-y-el-gobierno-de-coalicion-sacaran-adelante-la-amnistia-y-los-presupuestos-del-2024\/","title":{"rendered":"\u00a1\u00a1\u00a1\u00a1TRAS EL CASTIGO EJEMPLAR A \u00c1BALOS, PEDRO SANCHEZ Y EL GOBIERNO DE COALICI\u00d3N SACAR\u00c1N ADELANTE LA AMNIST\u00cdA Y LOS PRESUPUESTOS DEL 2024 !!!"},"content":{"rendered":"<p><b>Atr\u00e1s queda el ruido de siempre\u00a0del Partido Popular, de los medios de derecha, de los contertulios\u00a0pagados\u00a0por ellos. Se cort\u00f3 de cuajo la malversaci\u00f3n del caso Koldo, \u00c1balos sera\u00a0juzgado , a unos\u00a0d\u00edas del 11 M, saldr\u00e1 de nuevo la verdad de aquel enga\u00f1o\u00a0de Aznar y la derecha, mientras\u00a0esta semana saldr\u00e1 adelante la Amnist\u00eda, se regularizar\u00e1\u00a0Catalu\u00f1a\u00a0y en breve saldr\u00e1n adelante los presupuestos del 2024. Pedro S\u00e1nchez, de nuevo, ha mostrado su inteligencia\u00a0y capacidad.<\/b><\/p>\n<p><b>El gobierno de Sanchez, se consolidar\u00e1 y podr\u00eda lograr terminar la Legislatura que hace 10 d\u00edas parec\u00eda\u00a0improbable.<\/b><\/p>\n<p><b>En el aire la permanencia de Feij\u00f3o, y est\u00e1n prepar\u00e1ndose\u00a0posiciones para un pr\u00f3ximo\u00a0congreso tras las europeas, con las cabezas de Aznar tras Miguel Angel Roddriguez, y \u00e9ste tras Isabel D\u00edaz Ayuso teniendo en frente a Juanma Moreno.<\/b><\/p>\n<p>&nbsp;<\/p>\n<!-- AddThis Advanced Settings generic via filter on the_content --><!-- AddThis Share Buttons generic via filter on the_content -->","protected":false},"excerpt":{"rendered":"<p>Atr\u00e1s queda el ruido de siempre\u00a0del Partido Popular, de los medios de derecha, de los contertulios\u00a0pagados\u00a0por ellos. Se cort\u00f3 de cuajo la malversaci\u00f3n del caso Koldo, \u00c1balos sera\u00a0juzgado , a unos\u00a0d\u00edas del 11 M, saldr\u00e1 de nuevo la verdad de aquel enga\u00f1o\u00a0de Aznar y la derecha, mientras\u00a0esta semana saldr\u00e1 adelante la Amnist\u00eda, se regularizar\u00e1\u00a0Catalu\u00f1a\u00a0y en [&hellip;]<!-- AddThis Advanced Settings generic via filter on get_the_excerpt --><!-- AddThis Share Buttons generic via filter on get_the_excerpt --><\/p>\n","protected":false},"author":16,"featured_media":0,"comment_status":"open","ping_status":"closed","sticky":false,"template":"","format":"standard","meta":[],"categories":[1],"tags":[],"_links":{"self":[{"href":"https:\/\/blogs.elcomercio.es\/reflexiones-de-belarmino\/wp-json\/wp\/v2\/posts\/34948"}],"collection":[{"href":"https:\/\/blogs.elcomercio.es\/reflexiones-de-belarmino\/wp-json\/wp\/v2\/posts"}],"about":[{"href":"https:\/\/blogs.elcomercio.es\/reflexiones-de-belarmino\/wp-json\/wp\/v2\/types\/post"}],"author":[{"embeddable":true,"href":"https:\/\/blogs.elcomercio.es\/reflexiones-de-belarmino\/wp-json\/wp\/v2\/users\/16"}],"replies":[{"embeddable":true,"href":"https:\/\/blogs.elcomercio.es\/reflexiones-de-belarmino\/wp-json\/wp\/v2\/comments?post=34948"}],"version-history":[{"count":2,"href":"https:\/\/blogs.elcomercio.es\/reflexiones-de-belarmino\/wp-json\/wp\/v2\/posts\/34948\/revisions"}],"predecessor-version":[{"id":34950,"href":"https:\/\/blogs.elcomercio.es\/reflexiones-de-belarmino\/wp-json\/wp\/v2\/posts\/34948\/revisions\/34950"}],"wp:attachment":[{"href":"https:\/\/blogs.elcomercio.es\/reflexiones-de-belarmino\/wp-json\/wp\/v2\/media?parent=34948"}],"wp:term":[{"taxonomy":"category","embeddable":true,"href":"https:\/\/blogs.elcomercio.es\/reflexiones-de-belarmino\/wp-json\/wp\/v2\/categories?post=34948"},{"taxonomy":"post_tag","embeddable":true,"href":"https:\/\/blogs.elcomercio.es\/reflexiones-de-belarmino\/wp-json\/wp\/v2\/tags?post=34948"}],"curies":[{"name":"wp","href":"https:\/\/api.w.org\/{rel}","templated":true}]}}