{"id":34951,"date":"2024-03-04T19:45:10","date_gmt":"2024-03-04T18:45:10","guid":{"rendered":"https:\/\/blogs.elcomercio.es\/reflexiones-de-belarmino\/?p=34951"},"modified":"2024-03-04T19:45:10","modified_gmt":"2024-03-04T18:45:10","slug":"lopez-obrador-recorrera-23-estados-en-los-7-meses-para-consolidar-y-scheinbaum-y-el-pueblo-mexicano-van-por-la-mayoria-absoluta-el-2-de-junio","status":"publish","type":"post","link":"https:\/\/blogs.elcomercio.es\/reflexiones-de-belarmino\/2024\/03\/04\/lopez-obrador-recorrera-23-estados-en-los-7-meses-para-consolidar-y-scheinbaum-y-el-pueblo-mexicano-van-por-la-mayoria-absoluta-el-2-de-junio\/","title":{"rendered":"\u00a1\u00a1\u00a1\u00a1LOPEZ OBRADOR RECORRER\u00c1 23 ESTADOS EN LOS 7 MESES PARA CONSOLIDAR Y SCHEINBAUM, Y EL PUEBLO MEXICANO, VAN POR LA MAYOR\u00cdA ABSOLUTA EL 2 DE JUNIO !!!"},"content":{"rendered":"<p><b>En el marco de una gran organizaci\u00f3n, dentro de la Constituci\u00f3n, sin violencia, respetando la no reelecci\u00f3n\u00a0y las libertades en el pa\u00eds, el JUNTOS SEGUIREMOS HACIENDO HISTORIA de Claudia Scheinbaum continuadora del JUNTOS HAGAMOS LA HISTORIA del presidente L\u00f3pez Obrador(MORENA.PT Y PVEM ), lleva dos ritmos.<\/b><\/p>\n<p><b>L\u00f3pez Obrador se dedica desde el 1 de marzo inicio de la campa\u00f1a electoral, a recorrer 23 estados en los 7 meses que le quedan para consolidar todos los proyectos,\u00a0 y Claudia Scheinabum encabeza la lucha nacional para, no s\u00f3lo ganar las elecciones\u00a0del 2024, sino lograr los 2\/3 de la votaci\u00f3n, para poder materializar las 20 reformas\u00a0constitucionales, que la regresen a su origen en 1917, tras la Revoluci\u00f3n Mexicana.<\/b><\/p>\n<p><b>Andr\u00e9s Manuel L\u00f3pez Orador el lider de un pueblo que quiso y pudo cambiar de ra\u00edz, aquel viejo M\u00e9xico que est\u00e1 en las retinas de los que no saben que pasa all\u00ed, desde ya, lider hist\u00f3rico al nivel de Benito Ju\u00e1rez, Francisco I. Madero y L\u00e1zaro C\u00e1rdenas y ahora democraticamente consultado\u00a0 al pueblo siempre, d\u00e1ndole\u00a0continuidad\u00a0 una mujer solida lider, que va a ser una sorpresa para muchos, Claudia Scheinbaum que ser\u00e1 la primera mujer que ocupa la Presidencia de la Republica en Am\u00e9rica del Norte(Estados Unidos,M\u00e9xico y Canad\u00e1) y que como aperitivo tendr\u00e1\u00a0 probablemente enfrente en enero, a Donald Trump<\/b><\/p>\n<p><strong>Compiten contra ella, Xochitl Galvez, por el PRI-PAN y PRD y Jos\u00e9 Maynez por el movimientos Ciudadano.<\/strong><\/p>\n<p><strong>Est\u00e1n llamados a votar 97,000,000 de mexicano, para elegir Presidenta, 500 diputados, 128 senadores y 8 gobernaturas.<\/strong><\/p>\n<p>&nbsp;<\/p>\n<!-- AddThis Advanced Settings generic via filter on the_content --><!-- AddThis Share Buttons generic via filter on the_content -->","protected":false},"excerpt":{"rendered":"<p>En el marco de una gran organizaci\u00f3n, dentro de la Constituci\u00f3n, sin violencia, respetando la no reelecci\u00f3n\u00a0y las libertades en el pa\u00eds, el JUNTOS SEGUIREMOS HACIENDO HISTORIA de Claudia Scheinbaum continuadora del JUNTOS HAGAMOS LA HISTORIA del presidente L\u00f3pez Obrador(MORENA.PT Y PVEM ), lleva dos ritmos. L\u00f3pez Obrador se dedica desde el 1 de marzo [&hellip;]<!-- AddThis Advanced Settings generic via filter on get_the_excerpt --><!-- AddThis Share Buttons generic via filter on get_the_excerpt --><\/p>\n","protected":false},"author":16,"featured_media":0,"comment_status":"open","ping_status":"closed","sticky":false,"template":"","format":"standard","meta":[],"categories":[1],"tags":[],"_links":{"self":[{"href":"https:\/\/blogs.elcomercio.es\/reflexiones-de-belarmino\/wp-json\/wp\/v2\/posts\/34951"}],"collection":[{"href":"https:\/\/blogs.elcomercio.es\/reflexiones-de-belarmino\/wp-json\/wp\/v2\/posts"}],"about":[{"href":"https:\/\/blogs.elcomercio.es\/reflexiones-de-belarmino\/wp-json\/wp\/v2\/types\/post"}],"author":[{"embeddable":true,"href":"https:\/\/blogs.elcomercio.es\/reflexiones-de-belarmino\/wp-json\/wp\/v2\/users\/16"}],"replies":[{"embeddable":true,"href":"https:\/\/blogs.elcomercio.es\/reflexiones-de-belarmino\/wp-json\/wp\/v2\/comments?post=34951"}],"version-history":[{"count":2,"href":"https:\/\/blogs.elcomercio.es\/reflexiones-de-belarmino\/wp-json\/wp\/v2\/posts\/34951\/revisions"}],"predecessor-version":[{"id":34953,"href":"https:\/\/blogs.elcomercio.es\/reflexiones-de-belarmino\/wp-json\/wp\/v2\/posts\/34951\/revisions\/34953"}],"wp:attachment":[{"href":"https:\/\/blogs.elcomercio.es\/reflexiones-de-belarmino\/wp-json\/wp\/v2\/media?parent=34951"}],"wp:term":[{"taxonomy":"category","embeddable":true,"href":"https:\/\/blogs.elcomercio.es\/reflexiones-de-belarmino\/wp-json\/wp\/v2\/categories?post=34951"},{"taxonomy":"post_tag","embeddable":true,"href":"https:\/\/blogs.elcomercio.es\/reflexiones-de-belarmino\/wp-json\/wp\/v2\/tags?post=34951"}],"curies":[{"name":"wp","href":"https:\/\/api.w.org\/{rel}","templated":true}]}}