{"id":34954,"date":"2024-03-04T20:12:53","date_gmt":"2024-03-04T19:12:53","guid":{"rendered":"https:\/\/blogs.elcomercio.es\/reflexiones-de-belarmino\/?p=34954"},"modified":"2024-03-04T20:13:16","modified_gmt":"2024-03-04T19:13:16","slug":"ultima-hora-el-supremo-apoya-y-da-luz-verde-para-que-trump-participe","status":"publish","type":"post","link":"https:\/\/blogs.elcomercio.es\/reflexiones-de-belarmino\/2024\/03\/04\/ultima-hora-el-supremo-apoya-y-da-luz-verde-para-que-trump-participe\/","title":{"rendered":"\u00a1\u00a1\u00a1\u00a1  ULTIMA HORA.- EL SUPREMO, APOYA Y DA LUZ VERDE PARA QUE TRUMP PARTICIPE !!!!"},"content":{"rendered":"<p><strong>Hace un par de horas, el Tribunal Supremos de los Estados Unidos, integrado por mayor\u00eda conservadora por Donald Trump, ACABA DE APOYAR, DAR LUZ VERDE y acaba con todos las objeciones para que participe en la elecciones. MA\u00d1ANA ARRASAR\u00c1 en el Supermartes, en 16 estados, donde se juegan 861 delegados de los 1,250 que se requiere.<\/strong><\/p>\n<p><strong>Euf\u00f3rico, festejaba esa noticia. La noticia va a conmover al mundo, en especial a Europa y va a ser un aliciente para toda la extrema derecha mundial. La foto de Abascal con \u00e9l hace unos d\u00edas, vale oro para ellos, Aznar y D\u00edaz Ayuso.<\/strong><\/p>\n<!-- AddThis Advanced Settings generic via filter on the_content --><!-- AddThis Share Buttons generic via filter on the_content -->","protected":false},"excerpt":{"rendered":"<p>Hace un par de horas, el Tribunal Supremos de los Estados Unidos, integrado por mayor\u00eda conservadora por Donald Trump, ACABA DE APOYAR, DAR LUZ VERDE y acaba con todos las objeciones para que participe en la elecciones. MA\u00d1ANA ARRASAR\u00c1 en el Supermartes, en 16 estados, donde se juegan 861 delegados de los 1,250 que se [&hellip;]<!-- AddThis Advanced Settings generic via filter on get_the_excerpt --><!-- AddThis Share Buttons generic via filter on get_the_excerpt --><\/p>\n","protected":false},"author":16,"featured_media":0,"comment_status":"open","ping_status":"closed","sticky":false,"template":"","format":"standard","meta":[],"categories":[1],"tags":[],"_links":{"self":[{"href":"https:\/\/blogs.elcomercio.es\/reflexiones-de-belarmino\/wp-json\/wp\/v2\/posts\/34954"}],"collection":[{"href":"https:\/\/blogs.elcomercio.es\/reflexiones-de-belarmino\/wp-json\/wp\/v2\/posts"}],"about":[{"href":"https:\/\/blogs.elcomercio.es\/reflexiones-de-belarmino\/wp-json\/wp\/v2\/types\/post"}],"author":[{"embeddable":true,"href":"https:\/\/blogs.elcomercio.es\/reflexiones-de-belarmino\/wp-json\/wp\/v2\/users\/16"}],"replies":[{"embeddable":true,"href":"https:\/\/blogs.elcomercio.es\/reflexiones-de-belarmino\/wp-json\/wp\/v2\/comments?post=34954"}],"version-history":[{"count":2,"href":"https:\/\/blogs.elcomercio.es\/reflexiones-de-belarmino\/wp-json\/wp\/v2\/posts\/34954\/revisions"}],"predecessor-version":[{"id":34956,"href":"https:\/\/blogs.elcomercio.es\/reflexiones-de-belarmino\/wp-json\/wp\/v2\/posts\/34954\/revisions\/34956"}],"wp:attachment":[{"href":"https:\/\/blogs.elcomercio.es\/reflexiones-de-belarmino\/wp-json\/wp\/v2\/media?parent=34954"}],"wp:term":[{"taxonomy":"category","embeddable":true,"href":"https:\/\/blogs.elcomercio.es\/reflexiones-de-belarmino\/wp-json\/wp\/v2\/categories?post=34954"},{"taxonomy":"post_tag","embeddable":true,"href":"https:\/\/blogs.elcomercio.es\/reflexiones-de-belarmino\/wp-json\/wp\/v2\/tags?post=34954"}],"curies":[{"name":"wp","href":"https:\/\/api.w.org\/{rel}","templated":true}]}}