{"id":34959,"date":"2024-03-05T09:25:58","date_gmt":"2024-03-05T08:25:58","guid":{"rendered":"https:\/\/blogs.elcomercio.es\/reflexiones-de-belarmino\/?p=34959"},"modified":"2024-03-05T09:25:58","modified_gmt":"2024-03-05T08:25:58","slug":"hoy-supermartes-le-llaman-los-norteamericanos-habran-elegido-a-biden-y-a-trump-candidatos-para-enfrentarse-en-noviembre","status":"publish","type":"post","link":"https:\/\/blogs.elcomercio.es\/reflexiones-de-belarmino\/2024\/03\/05\/hoy-supermartes-le-llaman-los-norteamericanos-habran-elegido-a-biden-y-a-trump-candidatos-para-enfrentarse-en-noviembre\/","title":{"rendered":"\u00a1\u00a1\u00a1\u00a1\u00a1HOY, &#8220;SUPERMARTES&#8221; LE LLAMAN, LOS NORTEAMERICANOS HABR\u00c1N ELEGIDO A BIDEN Y A TRUMP CANDIDATOS PARA ENFRENTARSE EN NOVIEMBRE !!!"},"content":{"rendered":"<p><b>Hoy en 16 estados, el pueblo norteamericano\u00a0elegir\u00e1 con 861 electores de los 1,250 que se necesitan a los dos candidatos a la presidencia de la Rep\u00fablica, el primer martes de\u00a0noviembre del 2024. Con su muy particular m\u00e9todo donde no hay norteamericano que no exprese su opini\u00f3n, los Estados Unidos de\u00a0Norteam\u00e9rica hoy quedar\u00e1n definidos los candidatos. Joe Biden y Donald Trump, que se enfrentar\u00e1n, como no, el primer martes de noviembre para saber quien ser\u00e1 el pr\u00f3ximo presidente de la Republica por 4 a\u00f1os, con posibilitados\u00a0de reelecci\u00f3n.<\/b><\/p>\n<p><b>Venido de hace\u00a02 siglos en que no hab\u00eda la actual movilidad, se dejaban los lunes para que todos los delegados pudieran llegar por ello el MARTES est\u00e1n tan \u00edntimamente\u00a0ligado a los Estados Unidos.<\/b><\/p>\n<p><strong>No hay pa\u00eds en el mundo donde esta elecci\u00f3n tenga repercusiones<\/strong><\/p>\n<p>&nbsp;<\/p>\n<p>&nbsp;<\/p>\n<!-- AddThis Advanced Settings generic via filter on the_content --><!-- AddThis Share Buttons generic via filter on the_content -->","protected":false},"excerpt":{"rendered":"<p>Hoy en 16 estados, el pueblo norteamericano\u00a0elegir\u00e1 con 861 electores de los 1,250 que se necesitan a los dos candidatos a la presidencia de la Rep\u00fablica, el primer martes de\u00a0noviembre del 2024. Con su muy particular m\u00e9todo donde no hay norteamericano que no exprese su opini\u00f3n, los Estados Unidos de\u00a0Norteam\u00e9rica hoy quedar\u00e1n definidos los candidatos. [&hellip;]<!-- AddThis Advanced Settings generic via filter on get_the_excerpt --><!-- AddThis Share Buttons generic via filter on get_the_excerpt --><\/p>\n","protected":false},"author":16,"featured_media":0,"comment_status":"open","ping_status":"closed","sticky":false,"template":"","format":"standard","meta":[],"categories":[1],"tags":[],"_links":{"self":[{"href":"https:\/\/blogs.elcomercio.es\/reflexiones-de-belarmino\/wp-json\/wp\/v2\/posts\/34959"}],"collection":[{"href":"https:\/\/blogs.elcomercio.es\/reflexiones-de-belarmino\/wp-json\/wp\/v2\/posts"}],"about":[{"href":"https:\/\/blogs.elcomercio.es\/reflexiones-de-belarmino\/wp-json\/wp\/v2\/types\/post"}],"author":[{"embeddable":true,"href":"https:\/\/blogs.elcomercio.es\/reflexiones-de-belarmino\/wp-json\/wp\/v2\/users\/16"}],"replies":[{"embeddable":true,"href":"https:\/\/blogs.elcomercio.es\/reflexiones-de-belarmino\/wp-json\/wp\/v2\/comments?post=34959"}],"version-history":[{"count":2,"href":"https:\/\/blogs.elcomercio.es\/reflexiones-de-belarmino\/wp-json\/wp\/v2\/posts\/34959\/revisions"}],"predecessor-version":[{"id":34961,"href":"https:\/\/blogs.elcomercio.es\/reflexiones-de-belarmino\/wp-json\/wp\/v2\/posts\/34959\/revisions\/34961"}],"wp:attachment":[{"href":"https:\/\/blogs.elcomercio.es\/reflexiones-de-belarmino\/wp-json\/wp\/v2\/media?parent=34959"}],"wp:term":[{"taxonomy":"category","embeddable":true,"href":"https:\/\/blogs.elcomercio.es\/reflexiones-de-belarmino\/wp-json\/wp\/v2\/categories?post=34959"},{"taxonomy":"post_tag","embeddable":true,"href":"https:\/\/blogs.elcomercio.es\/reflexiones-de-belarmino\/wp-json\/wp\/v2\/tags?post=34959"}],"curies":[{"name":"wp","href":"https:\/\/api.w.org\/{rel}","templated":true}]}}