{"id":34962,"date":"2024-03-05T09:44:31","date_gmt":"2024-03-05T08:44:31","guid":{"rendered":"https:\/\/blogs.elcomercio.es\/reflexiones-de-belarmino\/?p=34962"},"modified":"2024-03-05T09:44:31","modified_gmt":"2024-03-05T08:44:31","slug":"invalida-la-corte-suprema-de-ee-uu-la-ley-que-permitia-detener-de-inmediato-a-los-emigrantes-en-texas","status":"publish","type":"post","link":"https:\/\/blogs.elcomercio.es\/reflexiones-de-belarmino\/2024\/03\/05\/invalida-la-corte-suprema-de-ee-uu-la-ley-que-permitia-detener-de-inmediato-a-los-emigrantes-en-texas\/","title":{"rendered":"\u00a1\u00a1\u00a1\u00a1INVALIDA LA CORTE SUPREMA DE EE.UU. LA LEY QUE PERMIT\u00cdA DETENER DE INMEDIATO A LOS EMIGRANTES EN TEXAS !!!"},"content":{"rendered":"<p><b>Goegr Abbott, gobernador de Texas, hab\u00eda impuesto\u00a0un ley para detener\u00a0DE INMEDIATO A CUALQUIER EMIGRANTE\u00a0QUE CRUZASE\u00a0LA FRONTERA. Ayer el Tribunal Supremo invalid\u00f3 la decisi\u00f3n, por considerar\u00a0que alterar\u00eda\u00a0150 a\u00f1os de pol\u00edtica ,Migratoria y las relaciones con M\u00e9xico<\/b><\/p>\n<p><b>Duro golpe para el m\u00e1s duro gobernador, el de Texas, que hab\u00eda llegado a casos extremos, y que alterar\u00eda las relaciones con M\u00e9xico y que romperiria\u00a0\u00a0150 a\u00f1os de politica migratoria entre la frontera de ambos paises.<\/b><\/p>\n<!-- AddThis Advanced Settings generic via filter on the_content --><!-- AddThis Share Buttons generic via filter on the_content -->","protected":false},"excerpt":{"rendered":"<p>Goegr Abbott, gobernador de Texas, hab\u00eda impuesto\u00a0un ley para detener\u00a0DE INMEDIATO A CUALQUIER EMIGRANTE\u00a0QUE CRUZASE\u00a0LA FRONTERA. Ayer el Tribunal Supremo invalid\u00f3 la decisi\u00f3n, por considerar\u00a0que alterar\u00eda\u00a0150 a\u00f1os de pol\u00edtica ,Migratoria y las relaciones con M\u00e9xico Duro golpe para el m\u00e1s duro gobernador, el de Texas, que hab\u00eda llegado a casos extremos, y que alterar\u00eda las [&hellip;]<!-- AddThis Advanced Settings generic via filter on get_the_excerpt --><!-- AddThis Share Buttons generic via filter on get_the_excerpt --><\/p>\n","protected":false},"author":16,"featured_media":0,"comment_status":"open","ping_status":"closed","sticky":false,"template":"","format":"standard","meta":[],"categories":[1],"tags":[],"_links":{"self":[{"href":"https:\/\/blogs.elcomercio.es\/reflexiones-de-belarmino\/wp-json\/wp\/v2\/posts\/34962"}],"collection":[{"href":"https:\/\/blogs.elcomercio.es\/reflexiones-de-belarmino\/wp-json\/wp\/v2\/posts"}],"about":[{"href":"https:\/\/blogs.elcomercio.es\/reflexiones-de-belarmino\/wp-json\/wp\/v2\/types\/post"}],"author":[{"embeddable":true,"href":"https:\/\/blogs.elcomercio.es\/reflexiones-de-belarmino\/wp-json\/wp\/v2\/users\/16"}],"replies":[{"embeddable":true,"href":"https:\/\/blogs.elcomercio.es\/reflexiones-de-belarmino\/wp-json\/wp\/v2\/comments?post=34962"}],"version-history":[{"count":2,"href":"https:\/\/blogs.elcomercio.es\/reflexiones-de-belarmino\/wp-json\/wp\/v2\/posts\/34962\/revisions"}],"predecessor-version":[{"id":34964,"href":"https:\/\/blogs.elcomercio.es\/reflexiones-de-belarmino\/wp-json\/wp\/v2\/posts\/34962\/revisions\/34964"}],"wp:attachment":[{"href":"https:\/\/blogs.elcomercio.es\/reflexiones-de-belarmino\/wp-json\/wp\/v2\/media?parent=34962"}],"wp:term":[{"taxonomy":"category","embeddable":true,"href":"https:\/\/blogs.elcomercio.es\/reflexiones-de-belarmino\/wp-json\/wp\/v2\/categories?post=34962"},{"taxonomy":"post_tag","embeddable":true,"href":"https:\/\/blogs.elcomercio.es\/reflexiones-de-belarmino\/wp-json\/wp\/v2\/tags?post=34962"}],"curies":[{"name":"wp","href":"https:\/\/api.w.org\/{rel}","templated":true}]}}