{"id":34965,"date":"2024-03-05T10:21:37","date_gmt":"2024-03-05T09:21:37","guid":{"rendered":"https:\/\/blogs.elcomercio.es\/reflexiones-de-belarmino\/?p=34965"},"modified":"2024-03-05T10:21:37","modified_gmt":"2024-03-05T09:21:37","slug":"el-12-de-marzo-en-washington-en-la-embajada-de-espana-bush-afirmaba-que-habian-sido-los-yihadistas-mientras-una-vez-mas-en-su-vida-aznar-callo-y-mintio","status":"publish","type":"post","link":"https:\/\/blogs.elcomercio.es\/reflexiones-de-belarmino\/2024\/03\/05\/el-12-de-marzo-en-washington-en-la-embajada-de-espana-bush-afirmaba-que-habian-sido-los-yihadistas-mientras-una-vez-mas-en-su-vida-aznar-callo-y-mintio\/","title":{"rendered":"\u00a1\u00a1\u00a1EL 12 DE MARZO, EN WASHINGTON EN LA EMBAJADA DE ESPA\u00d1A, BUSH AFIRMABA QUE HABIAN SIDO LOS YIHADISTAS, MIENTRAS UNA VEZ M\u00c1S EN SU VIDA AZNAR CALL\u00d3 Y MINTI\u00d3 !!!"},"content":{"rendered":"<p><b>Aquel 12 de marzo, Lorenzo Mil\u00e1, corresponsal de RTVE, fue citado de urgencia en la Embajada de Espa\u00f1a por el embajador\u00a0Rui Perez. Le pusieron una silla, una corbata que no llevaba, e insolitamente\u00a0 \u00a0aparecen Bush y su esposa dando las condolencias y se\u00f1alando\u00a0a los yihadistas como autores, La entrevista se traslad\u00f3\u00a0de inmediato a Moncloa y desapareci\u00f3 para siempre, hasta que este\u00a0 el s\u00e1bado la rescat\u00f3 Lorenzo Milla, lo record\u00f3 y la sac\u00f3 e hizo publica.<\/b><\/p>\n<p><b>Un d\u00eda despu\u00e9s de aquel\u00a0tr\u00e1gico\u00a011 M, Aznar causante por la alianza con Bush y Blair de la reacci\u00f3n de Al Queda, mand\u00f3 ocultar aquella entrevista, enga\u00f1\u00f3 a todo el pueblo espa\u00f1ol con la tesis de ETA, HASTA QUE EL PUEBLO ESPA\u00d1OL INTELIGENTE NO TRAG\u00d3 y acab\u00f3 con el gobierno de la derecha. Rajoy, en medio de Aznar, y Rato daban por descontada la victoria, HASTA QUE HABLO EL PUEBLO ESPA\u00d1OL.<\/b><\/p>\n<p><strong>Pocos hombres m\u00e1s siniestros en Espa\u00f1a que JOSE MARIA AZNAR.<\/strong><\/p>\n<p>&nbsp;<\/p>\n<p>&nbsp;<\/p>\n<!-- AddThis Advanced Settings generic via filter on the_content --><!-- AddThis Share Buttons generic via filter on the_content -->","protected":false},"excerpt":{"rendered":"<p>Aquel 12 de marzo, Lorenzo Mil\u00e1, corresponsal de RTVE, fue citado de urgencia en la Embajada de Espa\u00f1a por el embajador\u00a0Rui Perez. Le pusieron una silla, una corbata que no llevaba, e insolitamente\u00a0 \u00a0aparecen Bush y su esposa dando las condolencias y se\u00f1alando\u00a0a los yihadistas como autores, La entrevista se traslad\u00f3\u00a0de inmediato a Moncloa y [&hellip;]<!-- AddThis Advanced Settings generic via filter on get_the_excerpt --><!-- AddThis Share Buttons generic via filter on get_the_excerpt --><\/p>\n","protected":false},"author":16,"featured_media":0,"comment_status":"open","ping_status":"closed","sticky":false,"template":"","format":"standard","meta":[],"categories":[1],"tags":[],"_links":{"self":[{"href":"https:\/\/blogs.elcomercio.es\/reflexiones-de-belarmino\/wp-json\/wp\/v2\/posts\/34965"}],"collection":[{"href":"https:\/\/blogs.elcomercio.es\/reflexiones-de-belarmino\/wp-json\/wp\/v2\/posts"}],"about":[{"href":"https:\/\/blogs.elcomercio.es\/reflexiones-de-belarmino\/wp-json\/wp\/v2\/types\/post"}],"author":[{"embeddable":true,"href":"https:\/\/blogs.elcomercio.es\/reflexiones-de-belarmino\/wp-json\/wp\/v2\/users\/16"}],"replies":[{"embeddable":true,"href":"https:\/\/blogs.elcomercio.es\/reflexiones-de-belarmino\/wp-json\/wp\/v2\/comments?post=34965"}],"version-history":[{"count":2,"href":"https:\/\/blogs.elcomercio.es\/reflexiones-de-belarmino\/wp-json\/wp\/v2\/posts\/34965\/revisions"}],"predecessor-version":[{"id":34967,"href":"https:\/\/blogs.elcomercio.es\/reflexiones-de-belarmino\/wp-json\/wp\/v2\/posts\/34965\/revisions\/34967"}],"wp:attachment":[{"href":"https:\/\/blogs.elcomercio.es\/reflexiones-de-belarmino\/wp-json\/wp\/v2\/media?parent=34965"}],"wp:term":[{"taxonomy":"category","embeddable":true,"href":"https:\/\/blogs.elcomercio.es\/reflexiones-de-belarmino\/wp-json\/wp\/v2\/categories?post=34965"},{"taxonomy":"post_tag","embeddable":true,"href":"https:\/\/blogs.elcomercio.es\/reflexiones-de-belarmino\/wp-json\/wp\/v2\/tags?post=34965"}],"curies":[{"name":"wp","href":"https:\/\/api.w.org\/{rel}","templated":true}]}}