{"id":34985,"date":"2024-03-06T11:48:32","date_gmt":"2024-03-06T10:48:32","guid":{"rendered":"https:\/\/blogs.elcomercio.es\/reflexiones-de-belarmino\/?p=34985"},"modified":"2024-03-06T11:48:32","modified_gmt":"2024-03-06T10:48:32","slug":"por-que-oculto-aznar-3-dias-la-entrevista-que-dio-bush-en-la-embajada-el-dia-12","status":"publish","type":"post","link":"https:\/\/blogs.elcomercio.es\/reflexiones-de-belarmino\/2024\/03\/06\/por-que-oculto-aznar-3-dias-la-entrevista-que-dio-bush-en-la-embajada-el-dia-12\/","title":{"rendered":"\u00a1\u00a1\u00a1\u00a1\u00bf POR QU\u00c9 OCULT\u00d3 AZNAR 3 D\u00cdAS LA ENTREVISTA  QUE DI\u00d3 BUSH EN LA EMBAJADA EL D\u00cdA 12?!!! ?"},"content":{"rendered":"<p><b>Insolito. Lorenzo Mil\u00e1, corresponsal\u00a0de RTVE fue citado por\u00a0el embajador Ruiprez de urgencia a la Embajada en Washington.A los 10 minuutos aparece George Bush y su esposa y medio gabinete en plena embajada. A Mil\u00e1 le pusieron una silla y le dieron una corbata y, de pronto, estaba en su embajada ,nada menos que ante el presidente de los Estados Unidos y su esposa, para preguntar lo que que quiera.<\/b><\/p>\n<p><strong>Imag\u00ednese la escena. El presidente bush, su esposa y medio gabinete, se presentan el d\u00eda 12, al d\u00eda siguiente del atentado de Atocha, en plena embajada para trasmitir un mensaje.<\/strong><\/p>\n<p><b>Dieron el p\u00e9same al pueblo espa\u00f1ol, por que ellos sab\u00edan\u00a0tras el 11\u00a0 S, lo que era aquel dolor. Mil\u00e1 asombrado tomaba nota\u00a0 y el embajador observaba. Al terminar, se encerraron Bush y el Embajador, donde aquel le dijo que sus servicios de inteligencia le informaban\u00a0que hab\u00eda sido un atentado yihadista como el de ellos..<\/b><\/p>\n<p><strong>En cuanto se fue la pareja presidencial, el embajador trasmiti\u00f3 a la Moncloa lo que le acaba de trasmitir el presidente de Estado Unidos.<\/strong><\/p>\n<p><b>Aquella entrevista hist\u00f3rica NUNCA\u00a0 fue trasmitida. Aznar insist\u00eda en que era ETA. Los embajadores, recuerdo el de M\u00e9xico, mantuvieron la tesis de que hab\u00eda\u00a0sido ETA.<\/b><\/p>\n<p><strong>Pero, NO CONTABAN CON EL PUEBLO ESPA\u00d1OL, quien en horas entendi\u00f3 el enga\u00f1o y sac\u00f3 del gobierno al Partido Popular,en la foto, alrededor de Rajoy, Aznar y Rato.<\/strong><\/p>\n<p><strong>Y entr\u00f3 Zapatero. El pueblo no cay\u00f3 en la TRAMPA DE AZNAR.<\/strong><\/p>\n<p><b>\u00a0Los familiares dell pueblo espa\u00f1ol,los trabajadores, las mujeres, los estudiantes que murieron, se lo debieron a la intervenci\u00f3n de Jos\u00e9 Mar\u00eda Aznar en la guerra de Irak, y su ANSIA SAJONA..<\/b><\/p>\n<p><strong>De aquel Aznar vienen, los Rajoy, los Barcenas, los Ratos, las Aguirre, los Zaplana, y hasta hoy los Tellado y los Feij\u00f3o.<\/strong><\/p>\n<p><strong>SIEMPRE, CUANDO LOS DUE\u00d1OS DE TODOS PUEDEN PERDER, MIENTEN, GRITAN CREAN CONFUSI\u00d3N.<\/strong><\/p>\n<p><strong>En Espa\u00f1a sabemos mucho de ello.<\/strong><\/p>\n<p>&nbsp;<\/p>\n<p>&nbsp;<\/p>\n<p>&nbsp;<\/p>\n<!-- AddThis Advanced Settings generic via filter on the_content --><!-- AddThis Share Buttons generic via filter on the_content -->","protected":false},"excerpt":{"rendered":"<p>Insolito. Lorenzo Mil\u00e1, corresponsal\u00a0de RTVE fue citado por\u00a0el embajador Ruiprez de urgencia a la Embajada en Washington.A los 10 minuutos aparece George Bush y su esposa y medio gabinete en plena embajada. A Mil\u00e1 le pusieron una silla y le dieron una corbata y, de pronto, estaba en su embajada ,nada menos que ante el [&hellip;]<!-- AddThis Advanced Settings generic via filter on get_the_excerpt --><!-- AddThis Share Buttons generic via filter on get_the_excerpt --><\/p>\n","protected":false},"author":16,"featured_media":0,"comment_status":"open","ping_status":"closed","sticky":false,"template":"","format":"standard","meta":[],"categories":[1],"tags":[],"_links":{"self":[{"href":"https:\/\/blogs.elcomercio.es\/reflexiones-de-belarmino\/wp-json\/wp\/v2\/posts\/34985"}],"collection":[{"href":"https:\/\/blogs.elcomercio.es\/reflexiones-de-belarmino\/wp-json\/wp\/v2\/posts"}],"about":[{"href":"https:\/\/blogs.elcomercio.es\/reflexiones-de-belarmino\/wp-json\/wp\/v2\/types\/post"}],"author":[{"embeddable":true,"href":"https:\/\/blogs.elcomercio.es\/reflexiones-de-belarmino\/wp-json\/wp\/v2\/users\/16"}],"replies":[{"embeddable":true,"href":"https:\/\/blogs.elcomercio.es\/reflexiones-de-belarmino\/wp-json\/wp\/v2\/comments?post=34985"}],"version-history":[{"count":2,"href":"https:\/\/blogs.elcomercio.es\/reflexiones-de-belarmino\/wp-json\/wp\/v2\/posts\/34985\/revisions"}],"predecessor-version":[{"id":34987,"href":"https:\/\/blogs.elcomercio.es\/reflexiones-de-belarmino\/wp-json\/wp\/v2\/posts\/34985\/revisions\/34987"}],"wp:attachment":[{"href":"https:\/\/blogs.elcomercio.es\/reflexiones-de-belarmino\/wp-json\/wp\/v2\/media?parent=34985"}],"wp:term":[{"taxonomy":"category","embeddable":true,"href":"https:\/\/blogs.elcomercio.es\/reflexiones-de-belarmino\/wp-json\/wp\/v2\/categories?post=34985"},{"taxonomy":"post_tag","embeddable":true,"href":"https:\/\/blogs.elcomercio.es\/reflexiones-de-belarmino\/wp-json\/wp\/v2\/tags?post=34985"}],"curies":[{"name":"wp","href":"https:\/\/api.w.org\/{rel}","templated":true}]}}