{"id":34988,"date":"2024-03-06T11:56:29","date_gmt":"2024-03-06T10:56:29","guid":{"rendered":"https:\/\/blogs.elcomercio.es\/reflexiones-de-belarmino\/?p=34988"},"modified":"2024-03-06T11:56:29","modified_gmt":"2024-03-06T10:56:29","slug":"manana-jueves-habra-ley-de-amnistia-y-espana-habria-dado-un-paso-importante-para-la-reconciliacion","status":"publish","type":"post","link":"https:\/\/blogs.elcomercio.es\/reflexiones-de-belarmino\/2024\/03\/06\/manana-jueves-habra-ley-de-amnistia-y-espana-habria-dado-un-paso-importante-para-la-reconciliacion\/","title":{"rendered":"\u00a1\u00a1\u00a1\u00a1MA\u00d1ANA, JUEVES, HABR\u00c1 LEY DE AMNIST\u00cdA Y ESPA\u00d1A HABR\u00cdA DADO UN PASO IMPORTANTE PARA LA RECONCILIACI\u00d3N !!!"},"content":{"rendered":"<p><b>Ma\u00f1ana, se aprobar\u00e1 en el Congreso la Ley de Aminista. El Senado la rechazar\u00e1 y la devolver\u00e1 y ante la nueva aprobaci\u00f3n HABR\u00c1\u00a0AMNIST\u00cdA\u00a0en relaci\u00f3n con Catalu\u00f1a, lo que permitir\u00e1 avanzar a Espa\u00f1a hacia dejar atr\u00e1s sus viejos errores. Con ello y los Presupuestos, habr\u00e1 posibilidad de terminar la Legislatura, cuando Espa\u00f1a m\u00e1s lo necesita.<\/b><\/p>\n<!-- AddThis Advanced Settings generic via filter on the_content --><!-- AddThis Share Buttons generic via filter on the_content -->","protected":false},"excerpt":{"rendered":"<p>Ma\u00f1ana, se aprobar\u00e1 en el Congreso la Ley de Aminista. El Senado la rechazar\u00e1 y la devolver\u00e1 y ante la nueva aprobaci\u00f3n HABR\u00c1\u00a0AMNIST\u00cdA\u00a0en relaci\u00f3n con Catalu\u00f1a, lo que permitir\u00e1 avanzar a Espa\u00f1a hacia dejar atr\u00e1s sus viejos errores. Con ello y los Presupuestos, habr\u00e1 posibilidad de terminar la Legislatura, cuando Espa\u00f1a m\u00e1s lo necesita.<!-- AddThis Advanced Settings generic via filter on get_the_excerpt --><!-- AddThis Share Buttons generic via filter on get_the_excerpt --><\/p>\n","protected":false},"author":16,"featured_media":0,"comment_status":"open","ping_status":"closed","sticky":false,"template":"","format":"standard","meta":[],"categories":[1],"tags":[],"_links":{"self":[{"href":"https:\/\/blogs.elcomercio.es\/reflexiones-de-belarmino\/wp-json\/wp\/v2\/posts\/34988"}],"collection":[{"href":"https:\/\/blogs.elcomercio.es\/reflexiones-de-belarmino\/wp-json\/wp\/v2\/posts"}],"about":[{"href":"https:\/\/blogs.elcomercio.es\/reflexiones-de-belarmino\/wp-json\/wp\/v2\/types\/post"}],"author":[{"embeddable":true,"href":"https:\/\/blogs.elcomercio.es\/reflexiones-de-belarmino\/wp-json\/wp\/v2\/users\/16"}],"replies":[{"embeddable":true,"href":"https:\/\/blogs.elcomercio.es\/reflexiones-de-belarmino\/wp-json\/wp\/v2\/comments?post=34988"}],"version-history":[{"count":1,"href":"https:\/\/blogs.elcomercio.es\/reflexiones-de-belarmino\/wp-json\/wp\/v2\/posts\/34988\/revisions"}],"predecessor-version":[{"id":34989,"href":"https:\/\/blogs.elcomercio.es\/reflexiones-de-belarmino\/wp-json\/wp\/v2\/posts\/34988\/revisions\/34989"}],"wp:attachment":[{"href":"https:\/\/blogs.elcomercio.es\/reflexiones-de-belarmino\/wp-json\/wp\/v2\/media?parent=34988"}],"wp:term":[{"taxonomy":"category","embeddable":true,"href":"https:\/\/blogs.elcomercio.es\/reflexiones-de-belarmino\/wp-json\/wp\/v2\/categories?post=34988"},{"taxonomy":"post_tag","embeddable":true,"href":"https:\/\/blogs.elcomercio.es\/reflexiones-de-belarmino\/wp-json\/wp\/v2\/tags?post=34988"}],"curies":[{"name":"wp","href":"https:\/\/api.w.org\/{rel}","templated":true}]}}