{"id":34990,"date":"2024-03-06T16:25:12","date_gmt":"2024-03-06T15:25:12","guid":{"rendered":"https:\/\/blogs.elcomercio.es\/reflexiones-de-belarmino\/?p=34990"},"modified":"2024-03-06T16:25:12","modified_gmt":"2024-03-06T15:25:12","slug":"pese-a-los-nombramientos-el-sector-conservador-derrota-por-30-obispos-al-renovador-en-espana","status":"publish","type":"post","link":"https:\/\/blogs.elcomercio.es\/reflexiones-de-belarmino\/2024\/03\/06\/pese-a-los-nombramientos-el-sector-conservador-derrota-por-30-obispos-al-renovador-en-espana\/","title":{"rendered":"\u00a1\u00a1\u00a1\u00a1\u00a1\u00a1PESE A LOS NOMBRAMIENTOS, EL SECTOR CONSERVADOR DERROTA POR 30 OBISPOS AL RENOVADOR EN ESPA\u00d1A !!!"},"content":{"rendered":"<p><strong>Aunque Jos\u00e9 Cobo qued\u00f3 como Vicepresidente, el sector conservador de la Iglesia Cat\u00f3lica Espa\u00f1ola gan\u00f3 la votaci\u00f3n en la Conferencia Episcopal, al elegir a Luis Arguello, Arzobispo de Valladolid, consiguiendo 48 de los 78 votos de los obispos.<\/strong><\/p>\n<!-- AddThis Advanced Settings generic via filter on the_content --><!-- AddThis Share Buttons generic via filter on the_content -->","protected":false},"excerpt":{"rendered":"<p>Aunque Jos\u00e9 Cobo qued\u00f3 como Vicepresidente, el sector conservador de la Iglesia Cat\u00f3lica Espa\u00f1ola gan\u00f3 la votaci\u00f3n en la Conferencia Episcopal, al elegir a Luis Arguello, Arzobispo de Valladolid, consiguiendo 48 de los 78 votos de los obispos.<!-- AddThis Advanced Settings generic via filter on get_the_excerpt --><!-- AddThis Share Buttons generic via filter on get_the_excerpt --><\/p>\n","protected":false},"author":16,"featured_media":0,"comment_status":"open","ping_status":"closed","sticky":false,"template":"","format":"standard","meta":[],"categories":[1],"tags":[],"_links":{"self":[{"href":"https:\/\/blogs.elcomercio.es\/reflexiones-de-belarmino\/wp-json\/wp\/v2\/posts\/34990"}],"collection":[{"href":"https:\/\/blogs.elcomercio.es\/reflexiones-de-belarmino\/wp-json\/wp\/v2\/posts"}],"about":[{"href":"https:\/\/blogs.elcomercio.es\/reflexiones-de-belarmino\/wp-json\/wp\/v2\/types\/post"}],"author":[{"embeddable":true,"href":"https:\/\/blogs.elcomercio.es\/reflexiones-de-belarmino\/wp-json\/wp\/v2\/users\/16"}],"replies":[{"embeddable":true,"href":"https:\/\/blogs.elcomercio.es\/reflexiones-de-belarmino\/wp-json\/wp\/v2\/comments?post=34990"}],"version-history":[{"count":1,"href":"https:\/\/blogs.elcomercio.es\/reflexiones-de-belarmino\/wp-json\/wp\/v2\/posts\/34990\/revisions"}],"predecessor-version":[{"id":34991,"href":"https:\/\/blogs.elcomercio.es\/reflexiones-de-belarmino\/wp-json\/wp\/v2\/posts\/34990\/revisions\/34991"}],"wp:attachment":[{"href":"https:\/\/blogs.elcomercio.es\/reflexiones-de-belarmino\/wp-json\/wp\/v2\/media?parent=34990"}],"wp:term":[{"taxonomy":"category","embeddable":true,"href":"https:\/\/blogs.elcomercio.es\/reflexiones-de-belarmino\/wp-json\/wp\/v2\/categories?post=34990"},{"taxonomy":"post_tag","embeddable":true,"href":"https:\/\/blogs.elcomercio.es\/reflexiones-de-belarmino\/wp-json\/wp\/v2\/tags?post=34990"}],"curies":[{"name":"wp","href":"https:\/\/api.w.org\/{rel}","templated":true}]}}