{"id":35000,"date":"2024-03-07T11:02:01","date_gmt":"2024-03-07T10:02:01","guid":{"rendered":"https:\/\/blogs.elcomercio.es\/reflexiones-de-belarmino\/?p=35000"},"modified":"2024-03-07T11:02:01","modified_gmt":"2024-03-07T10:02:01","slug":"espana-avanza-amnistia-presupuestos-acuerdos-con-brasil","status":"publish","type":"post","link":"https:\/\/blogs.elcomercio.es\/reflexiones-de-belarmino\/2024\/03\/07\/espana-avanza-amnistia-presupuestos-acuerdos-con-brasil\/","title":{"rendered":"\u00a1\u00a1\u00a1\u00a1ESPA\u00d1A AVANZA: AMNIST\u00cdA, PRESUPUESTOS, ACUERDOS CON BRASIL !!!!"},"content":{"rendered":"<p><b>Goya dec\u00eda hace 200 a\u00f1os: &#8220;ESPA\u00d1A NUNCA SE VE ENTERA, TODO ES NEGRO Y BLANCO &#8220;. y as\u00ed ha sido la historia desde entonces. Poco poco a poco, se va abriendo paso, con dificultades, como el resto del mundo.Hoy es un d\u00eda de avance. La LA LEY DE AMNISTIA, nos lleva a normalizar el dif\u00edcil\u00a0proceso de Catalu\u00f1a, encauzando un problema pol\u00edtico, judicializado, d\u00eda importante; empezar el transito de los PRESUPUESTOS\u00a0DEL 2024,\u00a0 y el acuerdo ayer en Brasilia entre Pedro Sanchez y Lula, para IMPULSAR EL COMERCIO ENTRE\u00a0LA UNI\u00d3N\u00a0EUROPEA Y AM\u00c9RICA\u00a0LATINA.<\/b><\/p>\n<p>&nbsp;<\/p>\n<!-- AddThis Advanced Settings generic via filter on the_content --><!-- AddThis Share Buttons generic via filter on the_content -->","protected":false},"excerpt":{"rendered":"<p>Goya dec\u00eda hace 200 a\u00f1os: &#8220;ESPA\u00d1A NUNCA SE VE ENTERA, TODO ES NEGRO Y BLANCO &#8220;. y as\u00ed ha sido la historia desde entonces. Poco poco a poco, se va abriendo paso, con dificultades, como el resto del mundo.Hoy es un d\u00eda de avance. La LA LEY DE AMNISTIA, nos lleva a normalizar el dif\u00edcil\u00a0proceso [&hellip;]<!-- AddThis Advanced Settings generic via filter on get_the_excerpt --><!-- AddThis Share Buttons generic via filter on get_the_excerpt --><\/p>\n","protected":false},"author":16,"featured_media":0,"comment_status":"open","ping_status":"closed","sticky":false,"template":"","format":"standard","meta":[],"categories":[1],"tags":[],"_links":{"self":[{"href":"https:\/\/blogs.elcomercio.es\/reflexiones-de-belarmino\/wp-json\/wp\/v2\/posts\/35000"}],"collection":[{"href":"https:\/\/blogs.elcomercio.es\/reflexiones-de-belarmino\/wp-json\/wp\/v2\/posts"}],"about":[{"href":"https:\/\/blogs.elcomercio.es\/reflexiones-de-belarmino\/wp-json\/wp\/v2\/types\/post"}],"author":[{"embeddable":true,"href":"https:\/\/blogs.elcomercio.es\/reflexiones-de-belarmino\/wp-json\/wp\/v2\/users\/16"}],"replies":[{"embeddable":true,"href":"https:\/\/blogs.elcomercio.es\/reflexiones-de-belarmino\/wp-json\/wp\/v2\/comments?post=35000"}],"version-history":[{"count":1,"href":"https:\/\/blogs.elcomercio.es\/reflexiones-de-belarmino\/wp-json\/wp\/v2\/posts\/35000\/revisions"}],"predecessor-version":[{"id":35001,"href":"https:\/\/blogs.elcomercio.es\/reflexiones-de-belarmino\/wp-json\/wp\/v2\/posts\/35000\/revisions\/35001"}],"wp:attachment":[{"href":"https:\/\/blogs.elcomercio.es\/reflexiones-de-belarmino\/wp-json\/wp\/v2\/media?parent=35000"}],"wp:term":[{"taxonomy":"category","embeddable":true,"href":"https:\/\/blogs.elcomercio.es\/reflexiones-de-belarmino\/wp-json\/wp\/v2\/categories?post=35000"},{"taxonomy":"post_tag","embeddable":true,"href":"https:\/\/blogs.elcomercio.es\/reflexiones-de-belarmino\/wp-json\/wp\/v2\/tags?post=35000"}],"curies":[{"name":"wp","href":"https:\/\/api.w.org\/{rel}","templated":true}]}}