{"id":35002,"date":"2024-03-07T11:58:16","date_gmt":"2024-03-07T10:58:16","guid":{"rendered":"https:\/\/blogs.elcomercio.es\/reflexiones-de-belarmino\/?p=35002"},"modified":"2024-03-07T12:01:06","modified_gmt":"2024-03-07T11:01:06","slug":"lakach-1-billon-de-pies-cubicos-de-gas-a-80-km-de-veracruz-un-obra-de-la-cfe-y-de-carlos-slim-quienes-iniciaron-ayer-el-proyecto","status":"publish","type":"post","link":"https:\/\/blogs.elcomercio.es\/reflexiones-de-belarmino\/2024\/03\/07\/lakach-1-billon-de-pies-cubicos-de-gas-a-80-km-de-veracruz-un-obra-de-la-cfe-y-de-carlos-slim-quienes-iniciaron-ayer-el-proyecto\/","title":{"rendered":"\u00a1\u00a1\u00a1\u00a1\u00a1  LAKACH ( 1 BILL\u00d3N DE P\u00ccES C\u00daBICOS DE  GAS ), A 80 KM DE VERACRUZ,  UN OBRA DE LA CFE Y DE CARLOS SLIM QUIENES INICIARON AYER EL PROYECTO !!!!"},"content":{"rendered":"<p><b>&#8221; Esta reserva, la primera de aguas profundas de M\u00e9xico, a 80 km. de Veracruz dar\u00eda\u00a0 LA TOTAL AUTOSUFICIENCIA ENERG\u00c9TICA\u00a0AL PAIS\u00a0 Y POR ELLO LO CONSIDERAMOS PRIORITARIA &#8221; dijo ayer el presidente de la Rep\u00fablica, al iniciarse los trabajos entre la Comisi\u00f3n Federal de ElectricIdad y las empresas de Carlos Slim .<\/b><\/p>\n<p><b>Se trata del campo LAKACH,\u00a0 en aguas profundas con una reserva de UN BILL\u00d3N\u00a0DE PIES\u00a0C\u00daBICOS de GAS<\/b><\/p>\n<p><b>Hace un a\u00f1o se retir\u00f3 del proyecto la empresa New Fortness, y esta semana, se han reunido los t\u00e9cnicos\u00a0de la Comisi\u00f3n Federal de Electricidad y de Carlos Slim, para\u00a0analizar como echar a andar este ambicioso, muy ambicioso\u00a0proyecto.<\/b><\/p>\n<p><strong>Slim ya\u00a0 tiene tres campos en explotaci\u00f3n en Zama, Ichaikil y Poucuh y est\u00e1 interesado como L\u00f3pez Obrador que entre ambos lo exploten, aunque por la magnitud de la obra necesitar\u00edan otra gran empresa.<\/strong><\/p>\n<!-- AddThis Advanced Settings generic via filter on the_content --><!-- AddThis Share Buttons generic via filter on the_content -->","protected":false},"excerpt":{"rendered":"<p>&#8221; Esta reserva, la primera de aguas profundas de M\u00e9xico, a 80 km. de Veracruz dar\u00eda\u00a0 LA TOTAL AUTOSUFICIENCIA ENERG\u00c9TICA\u00a0AL PAIS\u00a0 Y POR ELLO LO CONSIDERAMOS PRIORITARIA &#8221; dijo ayer el presidente de la Rep\u00fablica, al iniciarse los trabajos entre la Comisi\u00f3n Federal de ElectricIdad y las empresas de Carlos Slim . Se trata del [&hellip;]<!-- AddThis Advanced Settings generic via filter on get_the_excerpt --><!-- AddThis Share Buttons generic via filter on get_the_excerpt --><\/p>\n","protected":false},"author":16,"featured_media":0,"comment_status":"open","ping_status":"closed","sticky":false,"template":"","format":"standard","meta":[],"categories":[1],"tags":[],"_links":{"self":[{"href":"https:\/\/blogs.elcomercio.es\/reflexiones-de-belarmino\/wp-json\/wp\/v2\/posts\/35002"}],"collection":[{"href":"https:\/\/blogs.elcomercio.es\/reflexiones-de-belarmino\/wp-json\/wp\/v2\/posts"}],"about":[{"href":"https:\/\/blogs.elcomercio.es\/reflexiones-de-belarmino\/wp-json\/wp\/v2\/types\/post"}],"author":[{"embeddable":true,"href":"https:\/\/blogs.elcomercio.es\/reflexiones-de-belarmino\/wp-json\/wp\/v2\/users\/16"}],"replies":[{"embeddable":true,"href":"https:\/\/blogs.elcomercio.es\/reflexiones-de-belarmino\/wp-json\/wp\/v2\/comments?post=35002"}],"version-history":[{"count":6,"href":"https:\/\/blogs.elcomercio.es\/reflexiones-de-belarmino\/wp-json\/wp\/v2\/posts\/35002\/revisions"}],"predecessor-version":[{"id":35008,"href":"https:\/\/blogs.elcomercio.es\/reflexiones-de-belarmino\/wp-json\/wp\/v2\/posts\/35002\/revisions\/35008"}],"wp:attachment":[{"href":"https:\/\/blogs.elcomercio.es\/reflexiones-de-belarmino\/wp-json\/wp\/v2\/media?parent=35002"}],"wp:term":[{"taxonomy":"category","embeddable":true,"href":"https:\/\/blogs.elcomercio.es\/reflexiones-de-belarmino\/wp-json\/wp\/v2\/categories?post=35002"},{"taxonomy":"post_tag","embeddable":true,"href":"https:\/\/blogs.elcomercio.es\/reflexiones-de-belarmino\/wp-json\/wp\/v2\/tags?post=35002"}],"curies":[{"name":"wp","href":"https:\/\/api.w.org\/{rel}","templated":true}]}}