{"id":35009,"date":"2024-03-07T17:39:51","date_gmt":"2024-03-07T16:39:51","guid":{"rendered":"https:\/\/blogs.elcomercio.es\/reflexiones-de-belarmino\/?p=35009"},"modified":"2024-03-07T17:39:51","modified_gmt":"2024-03-07T16:39:51","slug":"israel-se-niega-a-la-negociacion-condena-mundial-hamas-abandona-egipto-desde-chipre-corredor-humanitario-de-la-union-europea-a-gaza","status":"publish","type":"post","link":"https:\/\/blogs.elcomercio.es\/reflexiones-de-belarmino\/2024\/03\/07\/israel-se-niega-a-la-negociacion-condena-mundial-hamas-abandona-egipto-desde-chipre-corredor-humanitario-de-la-union-europea-a-gaza\/","title":{"rendered":"\u00a1\u00a1\u00a1ISRAEL SE NIEGA A LA NEGOCIACI\u00d3N.CONDENA MUNDIAL.  HAMAS ABANDONA EGIPTO. DESDE CHIPRE CORREDOR HUMANITARIO DE LA UNI\u00d3N EUROPEA A GAZA !!!"},"content":{"rendered":"<p><b>Cuatro d\u00edas para el Ramad\u00e1n, y sin avances; Hamas se retira de Egipto a consultar, la ONU acusa a Israel\u00a0 de estar destruyendo el Sistema Alimentario de Gaza, y de una violencia sin precedentes en esta etapa del tiempo; Israel llama a su pueblo a unirse ante el acoso mundial\u00a0 y Von der Leyen, en Chipre, va a abrir un corredor\u00a0humanitario de la Uni\u00f3n Europea al Pueblo de Gaza y China declara que es una verg\u00fcenza\u00a0para la humanidad lo que sucede en la Franja de Gaza.<\/b><\/p>\n<!-- AddThis Advanced Settings generic via filter on the_content --><!-- AddThis Share Buttons generic via filter on the_content -->","protected":false},"excerpt":{"rendered":"<p>Cuatro d\u00edas para el Ramad\u00e1n, y sin avances; Hamas se retira de Egipto a consultar, la ONU acusa a Israel\u00a0 de estar destruyendo el Sistema Alimentario de Gaza, y de una violencia sin precedentes en esta etapa del tiempo; Israel llama a su pueblo a unirse ante el acoso mundial\u00a0 y Von der Leyen, en [&hellip;]<!-- AddThis Advanced Settings generic via filter on get_the_excerpt --><!-- AddThis Share Buttons generic via filter on get_the_excerpt --><\/p>\n","protected":false},"author":16,"featured_media":0,"comment_status":"open","ping_status":"closed","sticky":false,"template":"","format":"standard","meta":[],"categories":[1],"tags":[],"_links":{"self":[{"href":"https:\/\/blogs.elcomercio.es\/reflexiones-de-belarmino\/wp-json\/wp\/v2\/posts\/35009"}],"collection":[{"href":"https:\/\/blogs.elcomercio.es\/reflexiones-de-belarmino\/wp-json\/wp\/v2\/posts"}],"about":[{"href":"https:\/\/blogs.elcomercio.es\/reflexiones-de-belarmino\/wp-json\/wp\/v2\/types\/post"}],"author":[{"embeddable":true,"href":"https:\/\/blogs.elcomercio.es\/reflexiones-de-belarmino\/wp-json\/wp\/v2\/users\/16"}],"replies":[{"embeddable":true,"href":"https:\/\/blogs.elcomercio.es\/reflexiones-de-belarmino\/wp-json\/wp\/v2\/comments?post=35009"}],"version-history":[{"count":2,"href":"https:\/\/blogs.elcomercio.es\/reflexiones-de-belarmino\/wp-json\/wp\/v2\/posts\/35009\/revisions"}],"predecessor-version":[{"id":35011,"href":"https:\/\/blogs.elcomercio.es\/reflexiones-de-belarmino\/wp-json\/wp\/v2\/posts\/35009\/revisions\/35011"}],"wp:attachment":[{"href":"https:\/\/blogs.elcomercio.es\/reflexiones-de-belarmino\/wp-json\/wp\/v2\/media?parent=35009"}],"wp:term":[{"taxonomy":"category","embeddable":true,"href":"https:\/\/blogs.elcomercio.es\/reflexiones-de-belarmino\/wp-json\/wp\/v2\/categories?post=35009"},{"taxonomy":"post_tag","embeddable":true,"href":"https:\/\/blogs.elcomercio.es\/reflexiones-de-belarmino\/wp-json\/wp\/v2\/tags?post=35009"}],"curies":[{"name":"wp","href":"https:\/\/api.w.org\/{rel}","templated":true}]}}