{"id":35025,"date":"2024-03-07T18:58:15","date_gmt":"2024-03-07T17:58:15","guid":{"rendered":"https:\/\/blogs.elcomercio.es\/reflexiones-de-belarmino\/?p=35025"},"modified":"2024-03-07T18:58:15","modified_gmt":"2024-03-07T17:58:15","slug":"un-paseo-por-la-historia-desde-el-27-al-476-de-isidoro-y-gregorio-el-magno-a-constantino-mahaoma-y-la-caida-del-imperio-romano-de-oriente","status":"publish","type":"post","link":"https:\/\/blogs.elcomercio.es\/reflexiones-de-belarmino\/2024\/03\/07\/un-paseo-por-la-historia-desde-el-27-al-476-de-isidoro-y-gregorio-el-magno-a-constantino-mahaoma-y-la-caida-del-imperio-romano-de-oriente\/","title":{"rendered":"\u00a1\u00a1\u00a1\u00a1UN PASEO POR LA HISTORIA, DESDE EL &lt; 27, AL 476, DE ISIDORO Y GREGORIO EL MAGNO A CONSTANTINO, MAHAOMA Y LA CAIDA DEL IMPERIO ROMANO DE ORIENTE !!!"},"content":{"rendered":"<p><b>Nunca, ante el j\u00fabilo Cesar Augusto en el &lt; 27 que lo nombraba primer Emperador Romano, este se imaginar\u00eda\u00a0lo que pasar\u00eda en aquellos territorio en 1,500 a\u00f1os. Nunca supo que Constantino, tambi\u00e9n Emperador, viendo el dif\u00edcil\u00a0futuro se iba a ir a aquella ciudad a Bizancio que dividir\u00eda el Imperio y que en occidente durar\u00eda hasta el 476, que irrumpieron aquellos desconocidos llamados los B\u00e1rbaros del Norte, mientras \u00e9l dividir\u00eda el Imperio.<\/b><\/p>\n<p><b>Aquellos sentar\u00edan las bases de la Europa actual, con la inapreciable ayuda en entre los\u00a0 visigodos de Isidoro de Sevilla que los convierte\u00a0al cristianismo(de ese Isidoro, 1,500 m\u00e1s tarde su nombre aquel Felipe Gonz\u00e1lez) y en Europa la gran labor de Gregorio El Magno, el gran convertidos al Cristianismo y que recoge, los c\u00e1nticos de los cristianos en las catacumbas de Roma y los transforma en los Cantos Gregorianos.<\/b><\/p>\n<p><strong>Pero, quiz\u00e1s viendo lo que vendr\u00eda de la Selva Obcsura, en el 303, el emperador Constantino se traslada al \u00faltimo rinc\u00f3n de Europa y en la hist\u00f3rica Bizancio,\u00a0 asienta los clavos de Cristo y, por primera vez, aquella religi\u00f3n de esclavos se vuelve en la Iglesia del Imperio y de las clases dominantes, hasta hoy. All\u00ed inicia desde ese 303 hasta 1453, el gran imperio romano de Oriente.<\/strong><\/p>\n<p><b>Pero no se imaginaba Constantino de que el volc\u00e1n de El ILopango en Centro Am\u00e9rica, en El Salvador, iba en 534, a generar las bases para que en 611, aquel \u00e1rabe llamado Mahoma, trasmite las dos religiones del Libro, los jud\u00edos\u00a0y los cristianos y los trasmite a la naci\u00f3n \u00e1rabe, que sorprendentemente\u00a0\u00a0en menos de 1 siglo se hab\u00eda extendido\u00a0hasta en los extremos de Europa y que da ah\u00ed iba a sellar su futuro, cuando en Asia se unen los turcos otomanos y se lanzan contra aquella joya que era Constantinopla, hoy Estambul.<\/b><\/p>\n<p><b>Y el mundo hab\u00eda cambiado, hasta que un tal Cristobal Col\u00f3n, con la ayuda de los chinos recogidos por Marco Polo, y luego en Granada con aquel anciano musulm\u00e1n\u00a0que sab\u00eda que la tierra era redonda y sab\u00eda de las corrientes., se lanza a la primera Globalizaci\u00f3n al dispersarse por los grandes oc\u00e9anos.<\/b><\/p>\n<p><b>Claro, que ni los espa\u00f1oles, ni los ingleses, portugueses, franceses, lo hubieran podido hacer si en 1250 Gengis Kan, el &#8220;Tamauyin&#8221; no hubiera entendido que la p\u00f3lvora\u00a0era un arma de guerra y no juegos\u00a0de artificios y haber hecho aquel peque\u00f1o&#8221; Ca\u00f1oncito&#8221;.<\/b><\/p>\n<p><strong>Por supuesto aquel descendiente de Gengis Kan, Timberl\u00e1n y su nieto el Gran Babur, no habr\u00eda entendido, mientras saboreaba aquel elixir de los dioses(turco) llamado el Te, y no comprend\u00eda que habia pasado en el mundo, al ver a aquellos &#8220;gitanos de la velas&#8221; que eran los portugueses que ya hab\u00edan llegado hasta el Golfo Indico.<\/strong><\/p>\n<p><b>Los mayas y los incas nunca se imaginaron lo que les prepara la historia, a ellos, sin sinergia con oriente, sin la p\u00f3lvora\u00a0y el ca\u00f1\u00f3n y los caballos que 5,000\u00a0 a\u00f1os antes hab\u00eda domesticado en As\u00eda Central, cuando ellos, ya en la \u00e9poca de los griegos &lt; 5,000 ya hab\u00edan pintado las ciudades de Kalakmul y ya ten\u00edan desde el 500 el observatorio\u00a0de Uxmal, o Dzibizaltun que, como los egipcios, ubicaban sus construcciones seg\u00fan el proceso del SOL.<\/b><\/p>\n<p><strong>Un &#8220;pasein por lo historia&#8221; en una tarde asturiana, nunca cae mal.<\/strong><\/p>\n<p>&nbsp;<\/p>\n<!-- AddThis Advanced Settings generic via filter on the_content --><!-- AddThis Share Buttons generic via filter on the_content -->","protected":false},"excerpt":{"rendered":"<p>Nunca, ante el j\u00fabilo Cesar Augusto en el &lt; 27 que lo nombraba primer Emperador Romano, este se imaginar\u00eda\u00a0lo que pasar\u00eda en aquellos territorio en 1,500 a\u00f1os. Nunca supo que Constantino, tambi\u00e9n Emperador, viendo el dif\u00edcil\u00a0futuro se iba a ir a aquella ciudad a Bizancio que dividir\u00eda el Imperio y que en occidente durar\u00eda hasta [&hellip;]<!-- AddThis Advanced Settings generic via filter on get_the_excerpt --><!-- AddThis Share Buttons generic via filter on get_the_excerpt --><\/p>\n","protected":false},"author":16,"featured_media":0,"comment_status":"open","ping_status":"closed","sticky":false,"template":"","format":"standard","meta":[],"categories":[1],"tags":[],"_links":{"self":[{"href":"https:\/\/blogs.elcomercio.es\/reflexiones-de-belarmino\/wp-json\/wp\/v2\/posts\/35025"}],"collection":[{"href":"https:\/\/blogs.elcomercio.es\/reflexiones-de-belarmino\/wp-json\/wp\/v2\/posts"}],"about":[{"href":"https:\/\/blogs.elcomercio.es\/reflexiones-de-belarmino\/wp-json\/wp\/v2\/types\/post"}],"author":[{"embeddable":true,"href":"https:\/\/blogs.elcomercio.es\/reflexiones-de-belarmino\/wp-json\/wp\/v2\/users\/16"}],"replies":[{"embeddable":true,"href":"https:\/\/blogs.elcomercio.es\/reflexiones-de-belarmino\/wp-json\/wp\/v2\/comments?post=35025"}],"version-history":[{"count":5,"href":"https:\/\/blogs.elcomercio.es\/reflexiones-de-belarmino\/wp-json\/wp\/v2\/posts\/35025\/revisions"}],"predecessor-version":[{"id":35030,"href":"https:\/\/blogs.elcomercio.es\/reflexiones-de-belarmino\/wp-json\/wp\/v2\/posts\/35025\/revisions\/35030"}],"wp:attachment":[{"href":"https:\/\/blogs.elcomercio.es\/reflexiones-de-belarmino\/wp-json\/wp\/v2\/media?parent=35025"}],"wp:term":[{"taxonomy":"category","embeddable":true,"href":"https:\/\/blogs.elcomercio.es\/reflexiones-de-belarmino\/wp-json\/wp\/v2\/categories?post=35025"},{"taxonomy":"post_tag","embeddable":true,"href":"https:\/\/blogs.elcomercio.es\/reflexiones-de-belarmino\/wp-json\/wp\/v2\/tags?post=35025"}],"curies":[{"name":"wp","href":"https:\/\/api.w.org\/{rel}","templated":true}]}}