{"id":35041,"date":"2024-03-08T10:36:41","date_gmt":"2024-03-08T09:36:41","guid":{"rendered":"https:\/\/blogs.elcomercio.es\/reflexiones-de-belarmino\/?p=35041"},"modified":"2024-03-08T10:36:41","modified_gmt":"2024-03-08T09:36:41","slug":"en-el-caso-abalos-caiga-quien-caiga-hasta-el-final-nunca-olvidar-a-pablo-iglesias-pasoe","status":"publish","type":"post","link":"https:\/\/blogs.elcomercio.es\/reflexiones-de-belarmino\/2024\/03\/08\/en-el-caso-abalos-caiga-quien-caiga-hasta-el-final-nunca-olvidar-a-pablo-iglesias-pasoe\/","title":{"rendered":"\u00a1\u00a1\u00a1\u00a1EN EL CASO \u00c1BALOS CAIGA, QUIEN CAIGA, HASTA EL FINAL .NUNCA OLVIDAR A PABLO IGLESIAS PASOE!!!"},"content":{"rendered":"<p><b>Di\u00f3 bien Pedro Sanchez el primer paso sobre el caso \u00c1balos. Hay que dejar claro en Espa\u00f1a quien es corrupto y quien no lo es. El caso Abalos deber\u00e1 ir hasta las \u00faltimas consecuencias. Si alg\u00fan socialista, o que se diga socialista no lo sabe,\u00a0 recuerde bien la vida de Pablo Iglesias Pasoe, su caminata,\u00a0 a los 10 a\u00f1os sin padre, a pie a Madrid, con el hermano enfermo en una carreta, internado en un Hospicio en Madrid, estudiando tipograf\u00eda\u00a0en \u00e9l, saliendo del mismo para mantener a la familia a los 13,, estudiar franc\u00e9s en la noche y luego en 1879 crear el m\u00e1s poderoso partido pol\u00edtico\u00a0de Espa\u00f1a en Madrid, el PSOE entrevistarse con Engels y en 1888 crear la Uni\u00f3n General de TRabajadores, ah\u00ed estaba el germen de la decencia y la moral, de ir a la politica a servir a los dem\u00e1s y no a servirse de ellos.<\/b><\/p>\n<!-- AddThis Advanced Settings generic via filter on the_content --><!-- AddThis Share Buttons generic via filter on the_content -->","protected":false},"excerpt":{"rendered":"<p>Di\u00f3 bien Pedro Sanchez el primer paso sobre el caso \u00c1balos. Hay que dejar claro en Espa\u00f1a quien es corrupto y quien no lo es. El caso Abalos deber\u00e1 ir hasta las \u00faltimas consecuencias. Si alg\u00fan socialista, o que se diga socialista no lo sabe,\u00a0 recuerde bien la vida de Pablo Iglesias Pasoe, su caminata,\u00a0 [&hellip;]<!-- AddThis Advanced Settings generic via filter on get_the_excerpt --><!-- AddThis Share Buttons generic via filter on get_the_excerpt --><\/p>\n","protected":false},"author":16,"featured_media":0,"comment_status":"open","ping_status":"closed","sticky":false,"template":"","format":"standard","meta":[],"categories":[1],"tags":[],"_links":{"self":[{"href":"https:\/\/blogs.elcomercio.es\/reflexiones-de-belarmino\/wp-json\/wp\/v2\/posts\/35041"}],"collection":[{"href":"https:\/\/blogs.elcomercio.es\/reflexiones-de-belarmino\/wp-json\/wp\/v2\/posts"}],"about":[{"href":"https:\/\/blogs.elcomercio.es\/reflexiones-de-belarmino\/wp-json\/wp\/v2\/types\/post"}],"author":[{"embeddable":true,"href":"https:\/\/blogs.elcomercio.es\/reflexiones-de-belarmino\/wp-json\/wp\/v2\/users\/16"}],"replies":[{"embeddable":true,"href":"https:\/\/blogs.elcomercio.es\/reflexiones-de-belarmino\/wp-json\/wp\/v2\/comments?post=35041"}],"version-history":[{"count":2,"href":"https:\/\/blogs.elcomercio.es\/reflexiones-de-belarmino\/wp-json\/wp\/v2\/posts\/35041\/revisions"}],"predecessor-version":[{"id":35043,"href":"https:\/\/blogs.elcomercio.es\/reflexiones-de-belarmino\/wp-json\/wp\/v2\/posts\/35041\/revisions\/35043"}],"wp:attachment":[{"href":"https:\/\/blogs.elcomercio.es\/reflexiones-de-belarmino\/wp-json\/wp\/v2\/media?parent=35041"}],"wp:term":[{"taxonomy":"category","embeddable":true,"href":"https:\/\/blogs.elcomercio.es\/reflexiones-de-belarmino\/wp-json\/wp\/v2\/categories?post=35041"},{"taxonomy":"post_tag","embeddable":true,"href":"https:\/\/blogs.elcomercio.es\/reflexiones-de-belarmino\/wp-json\/wp\/v2\/tags?post=35041"}],"curies":[{"name":"wp","href":"https:\/\/api.w.org\/{rel}","templated":true}]}}