{"id":35044,"date":"2024-03-08T11:57:17","date_gmt":"2024-03-08T10:57:17","guid":{"rendered":"https:\/\/blogs.elcomercio.es\/reflexiones-de-belarmino\/?p=35044"},"modified":"2024-03-08T11:57:17","modified_gmt":"2024-03-08T10:57:17","slug":"sanches-se-declaro-dictadorhay-que-tirarlo-jimenes-de-los-santos","status":"publish","type":"post","link":"https:\/\/blogs.elcomercio.es\/reflexiones-de-belarmino\/2024\/03\/08\/sanches-se-declaro-dictadorhay-que-tirarlo-jimenes-de-los-santos\/","title":{"rendered":"\u00a1\u00a1\u00a1 &#8220;SANCHES SE DECLAR\u00d3 DICTADOR,\u00a1\u00a1HAY QUE TIRARLO!!!&#8221; JIMENES DE LOS SANTOS !!!"},"content":{"rendered":"<p><b>De nuevo recuerdo a Goya hace 250 a\u00f1os: &#8221; POBRE ESPA\u00d1A. NUNCA SE VE ENTERA. ES BLANCO O NEGRO &#8220;. Lea usted el nivel de la derecha\u00a0politica,\u00a0medi\u00e1tica espa\u00f1ola y observe\u00a0a Feij\u00f3o pidiendo auxilio a sus partidos europeos, y parece que fue de entonces, pero no, es la Espa\u00f1a de Hoy. Por otra aparte los catalanes, insisten: &#8221; No nos importa Espa\u00f1a, en cuanto terminemos estos vamos por la Autodeterminaci\u00f3n&#8221;, mientras ayer nadie\u00a0en Catalu\u00f1a, parec\u00eda ser m\u00e1s feliz que al d\u00eda anterior. Aquel 1704&#8230;..<\/b><\/p>\n<!-- AddThis Advanced Settings generic via filter on the_content --><!-- AddThis Share Buttons generic via filter on the_content -->","protected":false},"excerpt":{"rendered":"<p>De nuevo recuerdo a Goya hace 250 a\u00f1os: &#8221; POBRE ESPA\u00d1A. NUNCA SE VE ENTERA. ES BLANCO O NEGRO &#8220;. Lea usted el nivel de la derecha\u00a0politica,\u00a0medi\u00e1tica espa\u00f1ola y observe\u00a0a Feij\u00f3o pidiendo auxilio a sus partidos europeos, y parece que fue de entonces, pero no, es la Espa\u00f1a de Hoy. Por otra aparte los catalanes, [&hellip;]<!-- AddThis Advanced Settings generic via filter on get_the_excerpt --><!-- AddThis Share Buttons generic via filter on get_the_excerpt --><\/p>\n","protected":false},"author":16,"featured_media":0,"comment_status":"open","ping_status":"closed","sticky":false,"template":"","format":"standard","meta":[],"categories":[1],"tags":[],"_links":{"self":[{"href":"https:\/\/blogs.elcomercio.es\/reflexiones-de-belarmino\/wp-json\/wp\/v2\/posts\/35044"}],"collection":[{"href":"https:\/\/blogs.elcomercio.es\/reflexiones-de-belarmino\/wp-json\/wp\/v2\/posts"}],"about":[{"href":"https:\/\/blogs.elcomercio.es\/reflexiones-de-belarmino\/wp-json\/wp\/v2\/types\/post"}],"author":[{"embeddable":true,"href":"https:\/\/blogs.elcomercio.es\/reflexiones-de-belarmino\/wp-json\/wp\/v2\/users\/16"}],"replies":[{"embeddable":true,"href":"https:\/\/blogs.elcomercio.es\/reflexiones-de-belarmino\/wp-json\/wp\/v2\/comments?post=35044"}],"version-history":[{"count":2,"href":"https:\/\/blogs.elcomercio.es\/reflexiones-de-belarmino\/wp-json\/wp\/v2\/posts\/35044\/revisions"}],"predecessor-version":[{"id":35046,"href":"https:\/\/blogs.elcomercio.es\/reflexiones-de-belarmino\/wp-json\/wp\/v2\/posts\/35044\/revisions\/35046"}],"wp:attachment":[{"href":"https:\/\/blogs.elcomercio.es\/reflexiones-de-belarmino\/wp-json\/wp\/v2\/media?parent=35044"}],"wp:term":[{"taxonomy":"category","embeddable":true,"href":"https:\/\/blogs.elcomercio.es\/reflexiones-de-belarmino\/wp-json\/wp\/v2\/categories?post=35044"},{"taxonomy":"post_tag","embeddable":true,"href":"https:\/\/blogs.elcomercio.es\/reflexiones-de-belarmino\/wp-json\/wp\/v2\/tags?post=35044"}],"curies":[{"name":"wp","href":"https:\/\/api.w.org\/{rel}","templated":true}]}}