{"id":35049,"date":"2024-03-08T17:01:42","date_gmt":"2024-03-08T16:01:42","guid":{"rendered":"https:\/\/blogs.elcomercio.es\/reflexiones-de-belarmino\/?p=35049"},"modified":"2024-03-08T17:01:42","modified_gmt":"2024-03-08T16:01:42","slug":"los-1500000-musulmanes-las-potencias-arabes-no-han-podido-con-10-millones-de-israelitas-con-bombas-atomicas","status":"publish","type":"post","link":"https:\/\/blogs.elcomercio.es\/reflexiones-de-belarmino\/2024\/03\/08\/los-1500000-musulmanes-las-potencias-arabes-no-han-podido-con-10-millones-de-israelitas-con-bombas-atomicas\/","title":{"rendered":"\u00a1\u00a1\u00a1\u00a1\u00a1LOS 1,500,000 MUSULMANES, LAS POTENCIAS \u00c1RABES, NO HAN PODIDO CON 10 MILLONES DE ISRAELITAS&#8230;.CON BOMBAS AT\u00d3MICAS !!!"},"content":{"rendered":"<p><strong>Las &#8220;potencias \u00e1rabes&#8221;, &#8221; due\u00f1as de nuestro destino&#8221;, &#8220;con todo el petroleo del\u00a0<\/strong><b>mundo&#8221;, han sido incapaces con sus 1,500,000 millones de habitantes de hacerle nada a Israel, con sus 10 millones de habitantes, pero CON ARMAS AT\u00d3MICAS.<\/b><\/p>\n<!-- AddThis Advanced Settings generic via filter on the_content --><!-- AddThis Share Buttons generic via filter on the_content -->","protected":false},"excerpt":{"rendered":"<p>Las &#8220;potencias \u00e1rabes&#8221;, &#8221; due\u00f1as de nuestro destino&#8221;, &#8220;con todo el petroleo del\u00a0mundo&#8221;, han sido incapaces con sus 1,500,000 millones de habitantes de hacerle nada a Israel, con sus 10 millones de habitantes, pero CON ARMAS AT\u00d3MICAS.<!-- AddThis Advanced Settings generic via filter on get_the_excerpt --><!-- AddThis Share Buttons generic via filter on get_the_excerpt --><\/p>\n","protected":false},"author":16,"featured_media":0,"comment_status":"open","ping_status":"closed","sticky":false,"template":"","format":"standard","meta":[],"categories":[1],"tags":[],"_links":{"self":[{"href":"https:\/\/blogs.elcomercio.es\/reflexiones-de-belarmino\/wp-json\/wp\/v2\/posts\/35049"}],"collection":[{"href":"https:\/\/blogs.elcomercio.es\/reflexiones-de-belarmino\/wp-json\/wp\/v2\/posts"}],"about":[{"href":"https:\/\/blogs.elcomercio.es\/reflexiones-de-belarmino\/wp-json\/wp\/v2\/types\/post"}],"author":[{"embeddable":true,"href":"https:\/\/blogs.elcomercio.es\/reflexiones-de-belarmino\/wp-json\/wp\/v2\/users\/16"}],"replies":[{"embeddable":true,"href":"https:\/\/blogs.elcomercio.es\/reflexiones-de-belarmino\/wp-json\/wp\/v2\/comments?post=35049"}],"version-history":[{"count":1,"href":"https:\/\/blogs.elcomercio.es\/reflexiones-de-belarmino\/wp-json\/wp\/v2\/posts\/35049\/revisions"}],"predecessor-version":[{"id":35050,"href":"https:\/\/blogs.elcomercio.es\/reflexiones-de-belarmino\/wp-json\/wp\/v2\/posts\/35049\/revisions\/35050"}],"wp:attachment":[{"href":"https:\/\/blogs.elcomercio.es\/reflexiones-de-belarmino\/wp-json\/wp\/v2\/media?parent=35049"}],"wp:term":[{"taxonomy":"category","embeddable":true,"href":"https:\/\/blogs.elcomercio.es\/reflexiones-de-belarmino\/wp-json\/wp\/v2\/categories?post=35049"},{"taxonomy":"post_tag","embeddable":true,"href":"https:\/\/blogs.elcomercio.es\/reflexiones-de-belarmino\/wp-json\/wp\/v2\/tags?post=35049"}],"curies":[{"name":"wp","href":"https:\/\/api.w.org\/{rel}","templated":true}]}}