{"id":35051,"date":"2024-03-08T17:15:10","date_gmt":"2024-03-08T16:15:10","guid":{"rendered":"https:\/\/blogs.elcomercio.es\/reflexiones-de-belarmino\/?p=35051"},"modified":"2024-03-08T17:15:10","modified_gmt":"2024-03-08T16:15:10","slug":"irrumpen-en-palacio-nacional-30-encapuchados-y-rompen-la-puerta-de-ese-tamano-es-la-provocacion","status":"publish","type":"post","link":"https:\/\/blogs.elcomercio.es\/reflexiones-de-belarmino\/2024\/03\/08\/irrumpen-en-palacio-nacional-30-encapuchados-y-rompen-la-puerta-de-ese-tamano-es-la-provocacion\/","title":{"rendered":"\u00a1\u00a1\u00a1IRRUMPEN EN PALACIO NACIONAL 30  ENCAPUCHADOS Y ROMPEN LA PUERTA.-.DE ESE TAMA\u00d1O ES LA PROVOCACI\u00d3N !!!"},"content":{"rendered":"<p><b>Anteayer una camioneta con 8 encapuchados se empotr\u00f3 contra la puerta principal de Palacio Nacional.Luego llegaron otras 6 camionetas, con m\u00e1s encapuchados y dejaron arder en la noche una de las camionetas. &#8220;Mano negra&#8221;, dijo el Presidente. &#8220;Burda provocaci\u00f3n &#8220;. &#8220;Ni hemos\u00a0detenido\u00a0a nadie ni lo vamos a hacer.&#8221;. La sociedad civil la va a restaurar.Muestra del pavor a que cuaje el Segundo Piso\u00a0 de la IV Transformaci\u00f3n.<\/b><\/p>\n<p>&nbsp;<\/p>\n<!-- AddThis Advanced Settings generic via filter on the_content --><!-- AddThis Share Buttons generic via filter on the_content -->","protected":false},"excerpt":{"rendered":"<p>Anteayer una camioneta con 8 encapuchados se empotr\u00f3 contra la puerta principal de Palacio Nacional.Luego llegaron otras 6 camionetas, con m\u00e1s encapuchados y dejaron arder en la noche una de las camionetas. &#8220;Mano negra&#8221;, dijo el Presidente. &#8220;Burda provocaci\u00f3n &#8220;. &#8220;Ni hemos\u00a0detenido\u00a0a nadie ni lo vamos a hacer.&#8221;. La sociedad civil la va a restaurar.Muestra [&hellip;]<!-- AddThis Advanced Settings generic via filter on get_the_excerpt --><!-- AddThis Share Buttons generic via filter on get_the_excerpt --><\/p>\n","protected":false},"author":16,"featured_media":0,"comment_status":"open","ping_status":"closed","sticky":false,"template":"","format":"standard","meta":[],"categories":[1],"tags":[],"_links":{"self":[{"href":"https:\/\/blogs.elcomercio.es\/reflexiones-de-belarmino\/wp-json\/wp\/v2\/posts\/35051"}],"collection":[{"href":"https:\/\/blogs.elcomercio.es\/reflexiones-de-belarmino\/wp-json\/wp\/v2\/posts"}],"about":[{"href":"https:\/\/blogs.elcomercio.es\/reflexiones-de-belarmino\/wp-json\/wp\/v2\/types\/post"}],"author":[{"embeddable":true,"href":"https:\/\/blogs.elcomercio.es\/reflexiones-de-belarmino\/wp-json\/wp\/v2\/users\/16"}],"replies":[{"embeddable":true,"href":"https:\/\/blogs.elcomercio.es\/reflexiones-de-belarmino\/wp-json\/wp\/v2\/comments?post=35051"}],"version-history":[{"count":2,"href":"https:\/\/blogs.elcomercio.es\/reflexiones-de-belarmino\/wp-json\/wp\/v2\/posts\/35051\/revisions"}],"predecessor-version":[{"id":35053,"href":"https:\/\/blogs.elcomercio.es\/reflexiones-de-belarmino\/wp-json\/wp\/v2\/posts\/35051\/revisions\/35053"}],"wp:attachment":[{"href":"https:\/\/blogs.elcomercio.es\/reflexiones-de-belarmino\/wp-json\/wp\/v2\/media?parent=35051"}],"wp:term":[{"taxonomy":"category","embeddable":true,"href":"https:\/\/blogs.elcomercio.es\/reflexiones-de-belarmino\/wp-json\/wp\/v2\/categories?post=35051"},{"taxonomy":"post_tag","embeddable":true,"href":"https:\/\/blogs.elcomercio.es\/reflexiones-de-belarmino\/wp-json\/wp\/v2\/tags?post=35051"}],"curies":[{"name":"wp","href":"https:\/\/api.w.org\/{rel}","templated":true}]}}