{"id":35058,"date":"2024-03-08T19:31:29","date_gmt":"2024-03-08T18:31:29","guid":{"rendered":"https:\/\/blogs.elcomercio.es\/reflexiones-de-belarmino\/?p=35058"},"modified":"2024-03-08T19:31:29","modified_gmt":"2024-03-08T18:31:29","slug":"hamas-no-cede-y-llama-a-movilizarse-masivamente-durante-el-ramadan-a-la-mezquita-de-al-aqsa-en-jerusalen","status":"publish","type":"post","link":"https:\/\/blogs.elcomercio.es\/reflexiones-de-belarmino\/2024\/03\/08\/hamas-no-cede-y-llama-a-movilizarse-masivamente-durante-el-ramadan-a-la-mezquita-de-al-aqsa-en-jerusalen\/","title":{"rendered":"\u00a1\u00a1\u00a1HAMAS NO CEDE Y LLAMA  A MOVILIZARSE MASIVAMENTE DURANTE EL RAMADAN A LA MEZQUITA DE AL AQSA EN JERUSALEN!!!"},"content":{"rendered":"<p><b>Hamas, se retiro ayer de Egipto, donde se buscaba el alto\u00a0al fuego, el intercambio de rehenes durante el mes sagrado del Ramad\u00e1n que empieza el domingo pr\u00f3ximo. Su m\u00e1ximo lider lleva preso 22 a\u00f1os en las c\u00e1rceles\u00a0de Israel.Hoy, mantiene sus reclamos y llama al pueblo palestino a movilizarse masivamente para estar en su lugar sagrado\u00a0en Jerusalen, la Mezquita\u00a0de Al Aqsa, lugar donde ascendi\u00f3\u00a0Mahoma, durante el Ramad\u00e1n.<\/b><\/p>\n<!-- AddThis Advanced Settings generic via filter on the_content --><!-- AddThis Share Buttons generic via filter on the_content -->","protected":false},"excerpt":{"rendered":"<p>Hamas, se retiro ayer de Egipto, donde se buscaba el alto\u00a0al fuego, el intercambio de rehenes durante el mes sagrado del Ramad\u00e1n que empieza el domingo pr\u00f3ximo. Su m\u00e1ximo lider lleva preso 22 a\u00f1os en las c\u00e1rceles\u00a0de Israel.Hoy, mantiene sus reclamos y llama al pueblo palestino a movilizarse masivamente para estar en su lugar sagrado\u00a0en [&hellip;]<!-- AddThis Advanced Settings generic via filter on get_the_excerpt --><!-- AddThis Share Buttons generic via filter on get_the_excerpt --><\/p>\n","protected":false},"author":16,"featured_media":0,"comment_status":"open","ping_status":"closed","sticky":false,"template":"","format":"standard","meta":[],"categories":[1],"tags":[],"_links":{"self":[{"href":"https:\/\/blogs.elcomercio.es\/reflexiones-de-belarmino\/wp-json\/wp\/v2\/posts\/35058"}],"collection":[{"href":"https:\/\/blogs.elcomercio.es\/reflexiones-de-belarmino\/wp-json\/wp\/v2\/posts"}],"about":[{"href":"https:\/\/blogs.elcomercio.es\/reflexiones-de-belarmino\/wp-json\/wp\/v2\/types\/post"}],"author":[{"embeddable":true,"href":"https:\/\/blogs.elcomercio.es\/reflexiones-de-belarmino\/wp-json\/wp\/v2\/users\/16"}],"replies":[{"embeddable":true,"href":"https:\/\/blogs.elcomercio.es\/reflexiones-de-belarmino\/wp-json\/wp\/v2\/comments?post=35058"}],"version-history":[{"count":2,"href":"https:\/\/blogs.elcomercio.es\/reflexiones-de-belarmino\/wp-json\/wp\/v2\/posts\/35058\/revisions"}],"predecessor-version":[{"id":35060,"href":"https:\/\/blogs.elcomercio.es\/reflexiones-de-belarmino\/wp-json\/wp\/v2\/posts\/35058\/revisions\/35060"}],"wp:attachment":[{"href":"https:\/\/blogs.elcomercio.es\/reflexiones-de-belarmino\/wp-json\/wp\/v2\/media?parent=35058"}],"wp:term":[{"taxonomy":"category","embeddable":true,"href":"https:\/\/blogs.elcomercio.es\/reflexiones-de-belarmino\/wp-json\/wp\/v2\/categories?post=35058"},{"taxonomy":"post_tag","embeddable":true,"href":"https:\/\/blogs.elcomercio.es\/reflexiones-de-belarmino\/wp-json\/wp\/v2\/tags?post=35058"}],"curies":[{"name":"wp","href":"https:\/\/api.w.org\/{rel}","templated":true}]}}