{"id":35061,"date":"2024-03-09T11:14:42","date_gmt":"2024-03-09T10:14:42","guid":{"rendered":"https:\/\/blogs.elcomercio.es\/reflexiones-de-belarmino\/?p=35061"},"modified":"2024-03-09T11:14:42","modified_gmt":"2024-03-09T10:14:42","slug":"iraragorri-del-dia-de-la-mujer-a-aquel-cambio-que-les-asusto-del-asturias-si-yo-pudiera-de-victor-manuel","status":"publish","type":"post","link":"https:\/\/blogs.elcomercio.es\/reflexiones-de-belarmino\/2024\/03\/09\/iraragorri-del-dia-de-la-mujer-a-aquel-cambio-que-les-asusto-del-asturias-si-yo-pudiera-de-victor-manuel\/","title":{"rendered":"\u00a1\u00a1\u00a1IRARAGORRI, DEL D\u00cdA DE LA MUJER A AQUEL CAMBIO QUE LES ASUST\u00d3 DEL &#8220;ASTURIAS SI YO PUDIERA&#8221; DE VICTOR MANUEL!!!"},"content":{"rendered":"<p><strong>El Sporting tiene el alma de un pueblo, de una ciudad que un d\u00eda fue SOBERANA Y LA CAPITAL DE ASTURIAS en 1937. Ahora llegan unos se\u00f1ores de Tamaulipas, que\u00a0 han usado a los sportinguistas como han querido, como lo he dicho aqu\u00ed.<\/strong><\/p>\n<p><strong>No entienden. Primero, se asustaron, cuando Victor Manuel conmocion\u00f3 en un acto de ellos\u00a0 en El Molin\u00f3n, con el ASTURIAS, SI YO PUDIERA, poema de Pedro Garfias, que el hijo de Belarmino le entreg\u00f3 ene el restaurante El Horreo, en ciudad de M\u00e9xico, en una comida que les dimos los socialistas espa\u00f1oles en M\u00e9xico en 1970, a Victor y a Ana. <\/strong><\/p>\n<p><b>Era tan bello el poema de aquel salamantino, que s\u00f3lo estuvo 3 veces en Asturias (octubre 1934) y 1936 y 37, que la lucha de los asturianos lo conmovi\u00f3 e hizo el poema.Victor Manuel tuvo la sensibilidad y le pidi\u00f3\u00a0a Urcesino , ponerle m\u00fasica.<\/b><\/p>\n<p><b> Hoy todos los j\u00f3venes lo cantan en los festejos, que el poeta, enterrado en MOnterry, Nuevo Le\u00f3n, estar\u00eda\u00a0<\/b><b>emocionado<\/b><\/p>\n<p><b>Al siguiente encuentro, lo cambiaron, &#8220;por radical&#8221; y volvieron a poner el Asturias Patria\u00a0Querida.<\/b><\/p>\n<p><b>Tras\u00a0 quedar al descubierto aqu\u00ed y en M\u00e9xico, la jugada de la sede,muestran una vez m\u00e1s sus insensibilidad con su v\u00eddeo\u00a0del 8M<\/b><\/p>\n<p><b>. Una mujer, ni\u00f1a, de rodillas pintando el pasto.<\/b><\/p>\n<p><strong>Nunca m\u00e1s las mujeres van a estar de rodillas., ni en Asturias, ni en el mundo<\/strong><\/p>\n<p><strong>Quien sobra es el del &#8220;negocio&#8221;<\/strong><\/p>\n<!-- AddThis Advanced Settings generic via filter on the_content --><!-- AddThis Share Buttons generic via filter on the_content -->","protected":false},"excerpt":{"rendered":"<p>El Sporting tiene el alma de un pueblo, de una ciudad que un d\u00eda fue SOBERANA Y LA CAPITAL DE ASTURIAS en 1937. Ahora llegan unos se\u00f1ores de Tamaulipas, que\u00a0 han usado a los sportinguistas como han querido, como lo he dicho aqu\u00ed. No entienden. Primero, se asustaron, cuando Victor Manuel conmocion\u00f3 en un acto [&hellip;]<!-- AddThis Advanced Settings generic via filter on get_the_excerpt --><!-- AddThis Share Buttons generic via filter on get_the_excerpt --><\/p>\n","protected":false},"author":16,"featured_media":0,"comment_status":"open","ping_status":"closed","sticky":false,"template":"","format":"standard","meta":[],"categories":[1],"tags":[],"_links":{"self":[{"href":"https:\/\/blogs.elcomercio.es\/reflexiones-de-belarmino\/wp-json\/wp\/v2\/posts\/35061"}],"collection":[{"href":"https:\/\/blogs.elcomercio.es\/reflexiones-de-belarmino\/wp-json\/wp\/v2\/posts"}],"about":[{"href":"https:\/\/blogs.elcomercio.es\/reflexiones-de-belarmino\/wp-json\/wp\/v2\/types\/post"}],"author":[{"embeddable":true,"href":"https:\/\/blogs.elcomercio.es\/reflexiones-de-belarmino\/wp-json\/wp\/v2\/users\/16"}],"replies":[{"embeddable":true,"href":"https:\/\/blogs.elcomercio.es\/reflexiones-de-belarmino\/wp-json\/wp\/v2\/comments?post=35061"}],"version-history":[{"count":3,"href":"https:\/\/blogs.elcomercio.es\/reflexiones-de-belarmino\/wp-json\/wp\/v2\/posts\/35061\/revisions"}],"predecessor-version":[{"id":35064,"href":"https:\/\/blogs.elcomercio.es\/reflexiones-de-belarmino\/wp-json\/wp\/v2\/posts\/35061\/revisions\/35064"}],"wp:attachment":[{"href":"https:\/\/blogs.elcomercio.es\/reflexiones-de-belarmino\/wp-json\/wp\/v2\/media?parent=35061"}],"wp:term":[{"taxonomy":"category","embeddable":true,"href":"https:\/\/blogs.elcomercio.es\/reflexiones-de-belarmino\/wp-json\/wp\/v2\/categories?post=35061"},{"taxonomy":"post_tag","embeddable":true,"href":"https:\/\/blogs.elcomercio.es\/reflexiones-de-belarmino\/wp-json\/wp\/v2\/tags?post=35061"}],"curies":[{"name":"wp","href":"https:\/\/api.w.org\/{rel}","templated":true}]}}