{"id":35065,"date":"2024-03-09T11:54:59","date_gmt":"2024-03-09T10:54:59","guid":{"rendered":"https:\/\/blogs.elcomercio.es\/reflexiones-de-belarmino\/?p=35065"},"modified":"2024-03-09T11:54:59","modified_gmt":"2024-03-09T10:54:59","slug":"los-huties-realizan-con-37-drones-el-mayor-ataque-contra-buques-de-ee-uu-y-reino-unido","status":"publish","type":"post","link":"https:\/\/blogs.elcomercio.es\/reflexiones-de-belarmino\/2024\/03\/09\/los-huties-realizan-con-37-drones-el-mayor-ataque-contra-buques-de-ee-uu-y-reino-unido\/","title":{"rendered":"\u00a1\u00a1\u00a1\u00a1LOS HUTIES REALIZAN CON 37 DRONES, EL MAYOR ATAQUE CONTRA BUQUES DE EE.UU. Y REINO UNIDO !!!"},"content":{"rendered":"<p><strong>A dos d\u00edas del inicio del Ramad\u00e1n, los huties han lanzado el mayor ataque en estos 5 meses en el Golfo de Ad\u00e9n y el Mar Rojo contra buques de EE:UU y Reino Unido.<\/strong><\/p>\n<!-- AddThis Advanced Settings generic via filter on the_content --><!-- AddThis Share Buttons generic via filter on the_content -->","protected":false},"excerpt":{"rendered":"<p>A dos d\u00edas del inicio del Ramad\u00e1n, los huties han lanzado el mayor ataque en estos 5 meses en el Golfo de Ad\u00e9n y el Mar Rojo contra buques de EE:UU y Reino Unido.<!-- AddThis Advanced Settings generic via filter on get_the_excerpt --><!-- AddThis Share Buttons generic via filter on get_the_excerpt --><\/p>\n","protected":false},"author":16,"featured_media":0,"comment_status":"open","ping_status":"closed","sticky":false,"template":"","format":"standard","meta":[],"categories":[1],"tags":[],"_links":{"self":[{"href":"https:\/\/blogs.elcomercio.es\/reflexiones-de-belarmino\/wp-json\/wp\/v2\/posts\/35065"}],"collection":[{"href":"https:\/\/blogs.elcomercio.es\/reflexiones-de-belarmino\/wp-json\/wp\/v2\/posts"}],"about":[{"href":"https:\/\/blogs.elcomercio.es\/reflexiones-de-belarmino\/wp-json\/wp\/v2\/types\/post"}],"author":[{"embeddable":true,"href":"https:\/\/blogs.elcomercio.es\/reflexiones-de-belarmino\/wp-json\/wp\/v2\/users\/16"}],"replies":[{"embeddable":true,"href":"https:\/\/blogs.elcomercio.es\/reflexiones-de-belarmino\/wp-json\/wp\/v2\/comments?post=35065"}],"version-history":[{"count":1,"href":"https:\/\/blogs.elcomercio.es\/reflexiones-de-belarmino\/wp-json\/wp\/v2\/posts\/35065\/revisions"}],"predecessor-version":[{"id":35066,"href":"https:\/\/blogs.elcomercio.es\/reflexiones-de-belarmino\/wp-json\/wp\/v2\/posts\/35065\/revisions\/35066"}],"wp:attachment":[{"href":"https:\/\/blogs.elcomercio.es\/reflexiones-de-belarmino\/wp-json\/wp\/v2\/media?parent=35065"}],"wp:term":[{"taxonomy":"category","embeddable":true,"href":"https:\/\/blogs.elcomercio.es\/reflexiones-de-belarmino\/wp-json\/wp\/v2\/categories?post=35065"},{"taxonomy":"post_tag","embeddable":true,"href":"https:\/\/blogs.elcomercio.es\/reflexiones-de-belarmino\/wp-json\/wp\/v2\/tags?post=35065"}],"curies":[{"name":"wp","href":"https:\/\/api.w.org\/{rel}","templated":true}]}}