{"id":35067,"date":"2024-03-09T12:09:11","date_gmt":"2024-03-09T11:09:11","guid":{"rendered":"https:\/\/blogs.elcomercio.es\/reflexiones-de-belarmino\/?p=35067"},"modified":"2024-03-09T12:09:11","modified_gmt":"2024-03-09T11:09:11","slug":"no-habra-tregua-en-el-ramadan-biden","status":"publish","type":"post","link":"https:\/\/blogs.elcomercio.es\/reflexiones-de-belarmino\/2024\/03\/09\/no-habra-tregua-en-el-ramadan-biden\/","title":{"rendered":"\u00a1\u00a1\u00a1\u00a1\u00a1&#8221; NO HABR\u00c1 TREGUA EN EL RAMADAN&#8221;: BIDEN !!!!"},"content":{"rendered":"<p><b>Veremos en 40 d\u00edas, al final del Ramad\u00e1n las consecuencias. Israel por supuesto con EE:UU atr\u00e1s y sus bombas at\u00f3micas, har\u00e1\u00a0lo que quiere. Hamas, con el \u00fanico medio que le dejaron(en Occidente lo llamamos terrorismo ), al no poder rescatar al abuelo de los j\u00f3venes actuales, el m\u00e1ximo lider de la organizaci\u00f3n, 22 a\u00f1os en prisi\u00f3n, va al enfrentamiento. La Autoridad Palestina, pierde terreno ante sus falta\u00a0de acci\u00f3n y la gana Hamas.<\/b><\/p>\n<p><b>Europa, Estados Unidos y Arabia Saudita, complices,\u00a0 &#8221; abrir\u00e1n su ayuda naval desde Chipre&#8221;, mientras, cubiertas sus conciencias , dejar\u00e1n que Israel siga con la atarea en Hamas y la ampliaci\u00f3n de los territorios en Cisjordanaia. 13,185 nuevos permisos para construcci\u00f3n\u00a0de los colonos en Cirjordania este a\u00f1o.<\/b><\/p>\n<p><strong>Ayer Biden lo dej\u00f3 claro: &#8221; No habr\u00e1 tregua en el Ramad\u00e1n&#8221;<\/strong><\/p>\n<p>&nbsp;<\/p>\n<p>&nbsp;<\/p>\n<!-- AddThis Advanced Settings generic via filter on the_content --><!-- AddThis Share Buttons generic via filter on the_content -->","protected":false},"excerpt":{"rendered":"<p>Veremos en 40 d\u00edas, al final del Ramad\u00e1n las consecuencias. Israel por supuesto con EE:UU atr\u00e1s y sus bombas at\u00f3micas, har\u00e1\u00a0lo que quiere. Hamas, con el \u00fanico medio que le dejaron(en Occidente lo llamamos terrorismo ), al no poder rescatar al abuelo de los j\u00f3venes actuales, el m\u00e1ximo lider de la organizaci\u00f3n, 22 a\u00f1os en [&hellip;]<!-- AddThis Advanced Settings generic via filter on get_the_excerpt --><!-- AddThis Share Buttons generic via filter on get_the_excerpt --><\/p>\n","protected":false},"author":16,"featured_media":0,"comment_status":"open","ping_status":"closed","sticky":false,"template":"","format":"standard","meta":[],"categories":[1],"tags":[],"_links":{"self":[{"href":"https:\/\/blogs.elcomercio.es\/reflexiones-de-belarmino\/wp-json\/wp\/v2\/posts\/35067"}],"collection":[{"href":"https:\/\/blogs.elcomercio.es\/reflexiones-de-belarmino\/wp-json\/wp\/v2\/posts"}],"about":[{"href":"https:\/\/blogs.elcomercio.es\/reflexiones-de-belarmino\/wp-json\/wp\/v2\/types\/post"}],"author":[{"embeddable":true,"href":"https:\/\/blogs.elcomercio.es\/reflexiones-de-belarmino\/wp-json\/wp\/v2\/users\/16"}],"replies":[{"embeddable":true,"href":"https:\/\/blogs.elcomercio.es\/reflexiones-de-belarmino\/wp-json\/wp\/v2\/comments?post=35067"}],"version-history":[{"count":2,"href":"https:\/\/blogs.elcomercio.es\/reflexiones-de-belarmino\/wp-json\/wp\/v2\/posts\/35067\/revisions"}],"predecessor-version":[{"id":35069,"href":"https:\/\/blogs.elcomercio.es\/reflexiones-de-belarmino\/wp-json\/wp\/v2\/posts\/35067\/revisions\/35069"}],"wp:attachment":[{"href":"https:\/\/blogs.elcomercio.es\/reflexiones-de-belarmino\/wp-json\/wp\/v2\/media?parent=35067"}],"wp:term":[{"taxonomy":"category","embeddable":true,"href":"https:\/\/blogs.elcomercio.es\/reflexiones-de-belarmino\/wp-json\/wp\/v2\/categories?post=35067"},{"taxonomy":"post_tag","embeddable":true,"href":"https:\/\/blogs.elcomercio.es\/reflexiones-de-belarmino\/wp-json\/wp\/v2\/tags?post=35067"}],"curies":[{"name":"wp","href":"https:\/\/api.w.org\/{rel}","templated":true}]}}