{"id":35072,"date":"2024-03-09T19:15:30","date_gmt":"2024-03-09T18:15:30","guid":{"rendered":"https:\/\/blogs.elcomercio.es\/reflexiones-de-belarmino\/?p=35072"},"modified":"2024-03-09T19:15:30","modified_gmt":"2024-03-09T18:15:30","slug":"se-desinflan-las-manifestaciones-contra-la-amnistia-hoy-15000-en-madrid","status":"publish","type":"post","link":"https:\/\/blogs.elcomercio.es\/reflexiones-de-belarmino\/2024\/03\/09\/se-desinflan-las-manifestaciones-contra-la-amnistia-hoy-15000-en-madrid\/","title":{"rendered":"\u00a1\u00a1\u00a1SE DESINFLAN LAS MANIFESTACIONES CONTRA LA AMNIST\u00cdA. HOY 15,000 EN MADRID !!!"},"content":{"rendered":"<p><strong>La Ley de Amnist\u00eda saldr\u00e1. Las manifestaciones del PP y VOX en su contra se desinflan. Hoy en Madrid 15,000 personas.\u00a0 la Nueva Espa\u00f1a avanza.<\/strong><\/p>\n<!-- AddThis Advanced Settings generic via filter on the_content --><!-- AddThis Share Buttons generic via filter on the_content -->","protected":false},"excerpt":{"rendered":"<p>La Ley de Amnist\u00eda saldr\u00e1. Las manifestaciones del PP y VOX en su contra se desinflan. Hoy en Madrid 15,000 personas.\u00a0 la Nueva Espa\u00f1a avanza.<!-- AddThis Advanced Settings generic via filter on get_the_excerpt --><!-- AddThis Share Buttons generic via filter on get_the_excerpt --><\/p>\n","protected":false},"author":16,"featured_media":0,"comment_status":"open","ping_status":"closed","sticky":false,"template":"","format":"standard","meta":[],"categories":[1],"tags":[],"_links":{"self":[{"href":"https:\/\/blogs.elcomercio.es\/reflexiones-de-belarmino\/wp-json\/wp\/v2\/posts\/35072"}],"collection":[{"href":"https:\/\/blogs.elcomercio.es\/reflexiones-de-belarmino\/wp-json\/wp\/v2\/posts"}],"about":[{"href":"https:\/\/blogs.elcomercio.es\/reflexiones-de-belarmino\/wp-json\/wp\/v2\/types\/post"}],"author":[{"embeddable":true,"href":"https:\/\/blogs.elcomercio.es\/reflexiones-de-belarmino\/wp-json\/wp\/v2\/users\/16"}],"replies":[{"embeddable":true,"href":"https:\/\/blogs.elcomercio.es\/reflexiones-de-belarmino\/wp-json\/wp\/v2\/comments?post=35072"}],"version-history":[{"count":1,"href":"https:\/\/blogs.elcomercio.es\/reflexiones-de-belarmino\/wp-json\/wp\/v2\/posts\/35072\/revisions"}],"predecessor-version":[{"id":35073,"href":"https:\/\/blogs.elcomercio.es\/reflexiones-de-belarmino\/wp-json\/wp\/v2\/posts\/35072\/revisions\/35073"}],"wp:attachment":[{"href":"https:\/\/blogs.elcomercio.es\/reflexiones-de-belarmino\/wp-json\/wp\/v2\/media?parent=35072"}],"wp:term":[{"taxonomy":"category","embeddable":true,"href":"https:\/\/blogs.elcomercio.es\/reflexiones-de-belarmino\/wp-json\/wp\/v2\/categories?post=35072"},{"taxonomy":"post_tag","embeddable":true,"href":"https:\/\/blogs.elcomercio.es\/reflexiones-de-belarmino\/wp-json\/wp\/v2\/tags?post=35072"}],"curies":[{"name":"wp","href":"https:\/\/api.w.org\/{rel}","templated":true}]}}