{"id":35091,"date":"2024-03-11T10:28:16","date_gmt":"2024-03-11T09:28:16","guid":{"rendered":"https:\/\/blogs.elcomercio.es\/reflexiones-de-belarmino\/?p=35091"},"modified":"2024-03-11T10:28:16","modified_gmt":"2024-03-11T09:28:16","slug":"dia-como-hoy-el-pueblo-espanol-dio-una-leccion-al-mundo-mientras-los-miserablescomo-hoy-mentian","status":"publish","type":"post","link":"https:\/\/blogs.elcomercio.es\/reflexiones-de-belarmino\/2024\/03\/11\/dia-como-hoy-el-pueblo-espanol-dio-una-leccion-al-mundo-mientras-los-miserablescomo-hoy-mentian\/","title":{"rendered":"\u00a1\u00a1D\u00cdA COMO HOY, EL PUEBLO ESPA\u00d1OL DIO UNA LECCI\u00d3N AL MUNDO, MIENTRAS LOS MISERABLES,COMO HOY, MENT\u00cdAN !!!"},"content":{"rendered":"<p><b>Nunca, en mi vida, Espa\u00f1a, el coraz\u00f3n de la Espa\u00f1a mayoritaria y trabajadora dio\u00a0una lecci\u00f3n al mundo como aquel 11 de marzo, hace hoy 20\u00a0 a\u00f1os. En horas este pueblo, dio\u00a0un ejemplo de su valor, de su calidad, que dio\u00a0la vuelta al mundo. Nunca como hace 20 a\u00f1os, los miserables de siempre ment\u00edan, como a lo largo de su historia, y como lo hacen hoy.<\/b><\/p>\n<p><b>Pero el pueblo es el pueblo y ese d\u00eda mostr\u00f3 al mundo su verdadero nivel, ocultado siempre por los poderes facticos, due\u00f1os de los medios de comunicaci\u00f3n. Jos\u00e9 Mar\u00eda Aznar intent\u00f3, una\u00a0 vez mas\u00a0enga\u00f1ar al pueblo espa\u00f1ol y a los muertos que carga desde Iraq, hay que agregarles\u00a0todos los que cayeron\u00a0aquel 11 se marzo.<\/b><\/p>\n<p><b>Hoy todos son homenajes a las mujeres, j\u00f3venes,\u00a0 jubilados, trabajadores que aquel d\u00eda perdieron la vida, a sus familiares,\u00a0 a todos los trabajadores del Estado y a los ciudadanos que colaboraron como los espa\u00f1oles suelen hacer en estos momentos, pero hoy que Feij\u00f3o, llama a tirar a Sanchez, al &#8221; Emperador&#8221; como lo llama\u00a0 el de la COPE, y habla\u00a0de formar un gobierno paralelo\u00a0para defender a Espa\u00f1a, deb\u00edan recordar la historia, que no desean que emerja con la Ley de la Memoria Democr\u00e1tica,\u00a0 para que las nuevas generaciones sepan, m\u00e1s pronto que tarde, como dec\u00eda Allende, lo que realmente ha pasado\u00a0en el \u00faltimo siglo en Espa\u00f1a.<\/b><\/p>\n<p><b>Que gran ejemplo nos dio\u00a0el pueblo espa\u00f1ol a los que supimos del atentado a lo largo del mundo.<\/b><\/p>\n<p>&nbsp;<\/p>\n<p>&nbsp;<\/p>\n<!-- AddThis Advanced Settings generic via filter on the_content --><!-- AddThis Share Buttons generic via filter on the_content -->","protected":false},"excerpt":{"rendered":"<p>Nunca, en mi vida, Espa\u00f1a, el coraz\u00f3n de la Espa\u00f1a mayoritaria y trabajadora dio\u00a0una lecci\u00f3n al mundo como aquel 11 de marzo, hace hoy 20\u00a0 a\u00f1os. En horas este pueblo, dio\u00a0un ejemplo de su valor, de su calidad, que dio\u00a0la vuelta al mundo. Nunca como hace 20 a\u00f1os, los miserables de siempre ment\u00edan, como a [&hellip;]<!-- AddThis Advanced Settings generic via filter on get_the_excerpt --><!-- AddThis Share Buttons generic via filter on get_the_excerpt --><\/p>\n","protected":false},"author":16,"featured_media":0,"comment_status":"open","ping_status":"closed","sticky":false,"template":"","format":"standard","meta":[],"categories":[1],"tags":[],"_links":{"self":[{"href":"https:\/\/blogs.elcomercio.es\/reflexiones-de-belarmino\/wp-json\/wp\/v2\/posts\/35091"}],"collection":[{"href":"https:\/\/blogs.elcomercio.es\/reflexiones-de-belarmino\/wp-json\/wp\/v2\/posts"}],"about":[{"href":"https:\/\/blogs.elcomercio.es\/reflexiones-de-belarmino\/wp-json\/wp\/v2\/types\/post"}],"author":[{"embeddable":true,"href":"https:\/\/blogs.elcomercio.es\/reflexiones-de-belarmino\/wp-json\/wp\/v2\/users\/16"}],"replies":[{"embeddable":true,"href":"https:\/\/blogs.elcomercio.es\/reflexiones-de-belarmino\/wp-json\/wp\/v2\/comments?post=35091"}],"version-history":[{"count":4,"href":"https:\/\/blogs.elcomercio.es\/reflexiones-de-belarmino\/wp-json\/wp\/v2\/posts\/35091\/revisions"}],"predecessor-version":[{"id":35095,"href":"https:\/\/blogs.elcomercio.es\/reflexiones-de-belarmino\/wp-json\/wp\/v2\/posts\/35091\/revisions\/35095"}],"wp:attachment":[{"href":"https:\/\/blogs.elcomercio.es\/reflexiones-de-belarmino\/wp-json\/wp\/v2\/media?parent=35091"}],"wp:term":[{"taxonomy":"category","embeddable":true,"href":"https:\/\/blogs.elcomercio.es\/reflexiones-de-belarmino\/wp-json\/wp\/v2\/categories?post=35091"},{"taxonomy":"post_tag","embeddable":true,"href":"https:\/\/blogs.elcomercio.es\/reflexiones-de-belarmino\/wp-json\/wp\/v2\/tags?post=35091"}],"curies":[{"name":"wp","href":"https:\/\/api.w.org\/{rel}","templated":true}]}}