{"id":35104,"date":"2024-03-11T17:09:00","date_gmt":"2024-03-11T16:09:00","guid":{"rendered":"https:\/\/blogs.elcomercio.es\/reflexiones-de-belarmino\/?p=35104"},"modified":"2024-03-11T17:09:00","modified_gmt":"2024-03-11T16:09:00","slug":"23-batallones-israelitas-hacia-cisjordania-mientras-netanyahu-urge-miles-de-espacios-para-futuros-prisioneros","status":"publish","type":"post","link":"https:\/\/blogs.elcomercio.es\/reflexiones-de-belarmino\/2024\/03\/11\/23-batallones-israelitas-hacia-cisjordania-mientras-netanyahu-urge-miles-de-espacios-para-futuros-prisioneros\/","title":{"rendered":"\u00a1\u00a1\u00a1\u00a1 23 BATALLONES ISRAELITAS HACIA CISJORDANIA, MIENTRAS NETANYAHU URGE MILES DE ESPACIOS PARA FUTUROS PRISIONEROS !!!!"},"content":{"rendered":"<p><b>Empez\u00f3 el Ramad\u00e1n, e Israel dej\u00f3 clara su postura. Esta\u00a0bombardeando el centro y sur de Gaza, ha enviados 23 batallones\u00a0de soldados a Cisjordania y Netanyahu dio\u00a0la orden de construir\u00a0&#8220;miles de nuevos\u00a0espacios para los pr\u00f3ximos\u00a0presos que llegaran&#8221;. El Open Arms no ha podido salir de Chipre.<\/b><\/p>\n<!-- AddThis Advanced Settings generic via filter on the_content --><!-- AddThis Share Buttons generic via filter on the_content -->","protected":false},"excerpt":{"rendered":"<p>Empez\u00f3 el Ramad\u00e1n, e Israel dej\u00f3 clara su postura. Esta\u00a0bombardeando el centro y sur de Gaza, ha enviados 23 batallones\u00a0de soldados a Cisjordania y Netanyahu dio\u00a0la orden de construir\u00a0&#8220;miles de nuevos\u00a0espacios para los pr\u00f3ximos\u00a0presos que llegaran&#8221;. El Open Arms no ha podido salir de Chipre.<!-- AddThis Advanced Settings generic via filter on get_the_excerpt --><!-- AddThis Share Buttons generic via filter on get_the_excerpt --><\/p>\n","protected":false},"author":16,"featured_media":0,"comment_status":"open","ping_status":"closed","sticky":false,"template":"","format":"standard","meta":[],"categories":[1],"tags":[],"_links":{"self":[{"href":"https:\/\/blogs.elcomercio.es\/reflexiones-de-belarmino\/wp-json\/wp\/v2\/posts\/35104"}],"collection":[{"href":"https:\/\/blogs.elcomercio.es\/reflexiones-de-belarmino\/wp-json\/wp\/v2\/posts"}],"about":[{"href":"https:\/\/blogs.elcomercio.es\/reflexiones-de-belarmino\/wp-json\/wp\/v2\/types\/post"}],"author":[{"embeddable":true,"href":"https:\/\/blogs.elcomercio.es\/reflexiones-de-belarmino\/wp-json\/wp\/v2\/users\/16"}],"replies":[{"embeddable":true,"href":"https:\/\/blogs.elcomercio.es\/reflexiones-de-belarmino\/wp-json\/wp\/v2\/comments?post=35104"}],"version-history":[{"count":1,"href":"https:\/\/blogs.elcomercio.es\/reflexiones-de-belarmino\/wp-json\/wp\/v2\/posts\/35104\/revisions"}],"predecessor-version":[{"id":35105,"href":"https:\/\/blogs.elcomercio.es\/reflexiones-de-belarmino\/wp-json\/wp\/v2\/posts\/35104\/revisions\/35105"}],"wp:attachment":[{"href":"https:\/\/blogs.elcomercio.es\/reflexiones-de-belarmino\/wp-json\/wp\/v2\/media?parent=35104"}],"wp:term":[{"taxonomy":"category","embeddable":true,"href":"https:\/\/blogs.elcomercio.es\/reflexiones-de-belarmino\/wp-json\/wp\/v2\/categories?post=35104"},{"taxonomy":"post_tag","embeddable":true,"href":"https:\/\/blogs.elcomercio.es\/reflexiones-de-belarmino\/wp-json\/wp\/v2\/tags?post=35104"}],"curies":[{"name":"wp","href":"https:\/\/api.w.org\/{rel}","templated":true}]}}