{"id":35106,"date":"2024-03-11T20:37:55","date_gmt":"2024-03-11T19:37:55","guid":{"rendered":"https:\/\/blogs.elcomercio.es\/reflexiones-de-belarmino\/?p=35106"},"modified":"2024-03-11T20:37:55","modified_gmt":"2024-03-11T19:37:55","slug":"aquella-todo-poderosa-reina-victoria-con-sus-1-52-mts-que-regalaba-al-nieto-el-kilimanjaro-en-1881-no-imaginaria-la-comidilla-del-dia-en-londres-hoy","status":"publish","type":"post","link":"https:\/\/blogs.elcomercio.es\/reflexiones-de-belarmino\/2024\/03\/11\/aquella-todo-poderosa-reina-victoria-con-sus-1-52-mts-que-regalaba-al-nieto-el-kilimanjaro-en-1881-no-imaginaria-la-comidilla-del-dia-en-londres-hoy\/","title":{"rendered":"\u00a1\u00a1\u00a1AQUELLA TODO PODEROSA REINA VICTORIA CON SUS 1.52 MTS, QUE REGALABA AL NIETO EL KILIMANJARO EN 1881, NO IMAGINAR\u00cdA LA &#8220;COMIDILLA DEL D\u00cdA&#8221; EN LONDRES HOY !!!"},"content":{"rendered":"<p><b>En 1881, cuando la todo poderosa reina Victoria con sus 1.52 metros de altura,\u00a0regalaba a uno de sus nietos la monta\u00f1a m\u00e1s alta de Africa, casi 6,000 mts., el Kilimanjaro, no sab\u00eda que tres\u00a0 de ellos, primos entre si , Jorge V, Guillermo II, y NIcol\u00e1s I, se enfrentar\u00edan\u00a0causando la primera Guerra Mundial, pero menos ,que\u00a0 142 a\u00f1os m\u00e1s tarde un d\u00eda 11 de marzo del 2024 ,\u00a0 la comidilla del d\u00eda en Londres, iba a ser, el\u00bf por que? del maquillaje de la foto de\u00a0 Kate, y el c\u00e1ncer\u00a0de Carlos, el mismo d\u00eda que se celebraban 75 a\u00f1os de la Commenwealth, en que se reducir\u00eda su imperio con 56 naciones.<\/b><\/p>\n<p><b>Nunca pensar\u00eda\u00a0que aquel Reino Unido, el m\u00e1s poderoso de la\u00a0historia que les dejaba, con la tercera parte del territorio mundial y dos quintas partes de la riqueza del mismo cuando muere en 1901), 123 a\u00f1os, estar\u00eda\u00a0cerca de llegar a, como dec\u00eda Ortega y Gasset de Espa\u00f1a,\u00a0 su &#8220;esqueleto original&#8221; s\u00fabdito\u00a0de los Estados Unidos, con 56 paises separados , con el Reino Unido en recesi\u00f3n, y para colmo victima del cotilleo nacional de aquella Gran City de Londres, casi sin cabeza, con un hind\u00fa\u00a0como primer ministro y no lejos de independizarse Canad\u00e1\u00a0y Australia, y con su principal preocupaci\u00f3n: &#8220;Se separar\u00e1n\u00a0Guillermno y Kate&#8221;(sic).<\/b><\/p>\n<p><strong>Con sus cosas, Espa\u00f1a, nada que envidiarles.<\/strong><\/p>\n<p>&nbsp;<\/p>\n<p>&nbsp;<\/p>\n<!-- AddThis Advanced Settings generic via filter on the_content --><!-- AddThis Share Buttons generic via filter on the_content -->","protected":false},"excerpt":{"rendered":"<p>En 1881, cuando la todo poderosa reina Victoria con sus 1.52 metros de altura,\u00a0regalaba a uno de sus nietos la monta\u00f1a m\u00e1s alta de Africa, casi 6,000 mts., el Kilimanjaro, no sab\u00eda que tres\u00a0 de ellos, primos entre si , Jorge V, Guillermo II, y NIcol\u00e1s I, se enfrentar\u00edan\u00a0causando la primera Guerra Mundial, pero menos [&hellip;]<!-- AddThis Advanced Settings generic via filter on get_the_excerpt --><!-- AddThis Share Buttons generic via filter on get_the_excerpt --><\/p>\n","protected":false},"author":16,"featured_media":0,"comment_status":"open","ping_status":"closed","sticky":false,"template":"","format":"standard","meta":[],"categories":[1],"tags":[],"_links":{"self":[{"href":"https:\/\/blogs.elcomercio.es\/reflexiones-de-belarmino\/wp-json\/wp\/v2\/posts\/35106"}],"collection":[{"href":"https:\/\/blogs.elcomercio.es\/reflexiones-de-belarmino\/wp-json\/wp\/v2\/posts"}],"about":[{"href":"https:\/\/blogs.elcomercio.es\/reflexiones-de-belarmino\/wp-json\/wp\/v2\/types\/post"}],"author":[{"embeddable":true,"href":"https:\/\/blogs.elcomercio.es\/reflexiones-de-belarmino\/wp-json\/wp\/v2\/users\/16"}],"replies":[{"embeddable":true,"href":"https:\/\/blogs.elcomercio.es\/reflexiones-de-belarmino\/wp-json\/wp\/v2\/comments?post=35106"}],"version-history":[{"count":4,"href":"https:\/\/blogs.elcomercio.es\/reflexiones-de-belarmino\/wp-json\/wp\/v2\/posts\/35106\/revisions"}],"predecessor-version":[{"id":35110,"href":"https:\/\/blogs.elcomercio.es\/reflexiones-de-belarmino\/wp-json\/wp\/v2\/posts\/35106\/revisions\/35110"}],"wp:attachment":[{"href":"https:\/\/blogs.elcomercio.es\/reflexiones-de-belarmino\/wp-json\/wp\/v2\/media?parent=35106"}],"wp:term":[{"taxonomy":"category","embeddable":true,"href":"https:\/\/blogs.elcomercio.es\/reflexiones-de-belarmino\/wp-json\/wp\/v2\/categories?post=35106"},{"taxonomy":"post_tag","embeddable":true,"href":"https:\/\/blogs.elcomercio.es\/reflexiones-de-belarmino\/wp-json\/wp\/v2\/tags?post=35106"}],"curies":[{"name":"wp","href":"https:\/\/api.w.org\/{rel}","templated":true}]}}