{"id":35113,"date":"2024-03-12T18:18:05","date_gmt":"2024-03-12T17:18:05","guid":{"rendered":"https:\/\/blogs.elcomercio.es\/reflexiones-de-belarmino\/?p=35113"},"modified":"2024-03-12T18:18:05","modified_gmt":"2024-03-12T17:18:05","slug":"hacia-la-guerra-total-en-israel-no-quedara-vivo-un-solo-lider-de-hamas-mientras-hezbolla-lanza-100-misiles-en-cisjordania","status":"publish","type":"post","link":"https:\/\/blogs.elcomercio.es\/reflexiones-de-belarmino\/2024\/03\/12\/hacia-la-guerra-total-en-israel-no-quedara-vivo-un-solo-lider-de-hamas-mientras-hezbolla-lanza-100-misiles-en-cisjordania\/","title":{"rendered":"\u00a1\u00a1\u00a1\u00a1HACIA LA GUERRA TOTAL EN ISRAEL. &#8220;NO QUEDAR\u00c1 VIVO UN SOLO L\u00cdDER DE HAMAS&#8221;, MIENTRAS HEZBOLL\u00c1 LANZA 100 MISILES EN CISJORDANIA !!!"},"content":{"rendered":"<p><b>Iniciado el Ramad\u00e1n, Israel no s\u00f3lo no hizo un alto, sino que intensific\u00f3 el bombardeo del centro y el sur de Gaza, bajo la concepci\u00f3n: &#8221; No quedara\u00a0vivo ning\u00fan lider de Hamas&#8221;, mientras el conflicto se extendi\u00f3\u00a0hacia L\u00edbano\u00a0donde Hezboll\u00e1, la fuerza m\u00e1s poderosa en esa zona., lanz\u00f3 100 misiles\u00a0 Katiusha contra dos centros de operaciones de Israel.<\/b><\/p>\n<p><strong>Esta claro. Israel va por todas, pero las organizaciones palestinas, conocedoras del terreno no van a ceder. Hamas, Hezboll\u00e1 y los Huties ,sin la intervenci\u00f3n de Ir\u00e1n, llevan 3 meses retando el poder de Israel y los EE:UU, ante la impotencia mundial.<\/strong><\/p>\n<p><b>La comunidad internacional lo m\u00e1s que har\u00e1 ser\u00e1 abrir el camino por el mar(el Open Arms, patrocinado por el asturiano\u00a0Carlos Andr\u00e9s,) ya parti\u00f3\u00a0con 200 toneladas de alimentos y medicinas. EU. construir\u00e1\u00a0puerto en el mar, mientras, la comunidad internacional permanezca impotenete\u00a0ante el poder de las bombas nucleares de Israel(30 y las que necesite, le habr\u00e1n\u00a0dicho los norteamericanos\u00a0).<\/b><\/p>\n<p><b>Morir\u00e1n decenas de miles, HOY, D\u00cdA\u00a0A D\u00cdA, MUEREN MAS NI\u00d1OS PALESTINOS QUE MOR\u00cdAN\u00a0EN EL HOLOCAUSTO LOS NI\u00d1OS JUD\u00cdOS(, al final TODOS NI\u00d1OS)..Israel seguir\u00e1, por supuesto\u00a0con todo su derecho, como Naci\u00f3n, pero Palestina con los mismos, tambi\u00e9n la tendr\u00e1n.<\/b><\/p>\n<p><b>Nunca en 75 a\u00f1os , los palestinos en su forma de organizaci\u00f3n donde se sienten fuertes, entre la aprobaci\u00f3n\u00a0y bajo la tierra, hab\u00eda desafiado a Israel como hoy. Lo avanzado en 75 a\u00f1os, parte lo va a retroceder Netanyahu, que no ha entendido que una cosa era tener Hollywood para explicar lo que sufrieron, pero que hoy, los palestinos lo est\u00e1n logrando, sin un dolar, a trav\u00e9s de las redes sociales.<\/b><\/p>\n<p>&nbsp;<\/p>\n<p>&nbsp;<\/p>\n<p>&nbsp;<\/p>\n<!-- AddThis Advanced Settings generic via filter on the_content --><!-- AddThis Share Buttons generic via filter on the_content -->","protected":false},"excerpt":{"rendered":"<p>Iniciado el Ramad\u00e1n, Israel no s\u00f3lo no hizo un alto, sino que intensific\u00f3 el bombardeo del centro y el sur de Gaza, bajo la concepci\u00f3n: &#8221; No quedara\u00a0vivo ning\u00fan lider de Hamas&#8221;, mientras el conflicto se extendi\u00f3\u00a0hacia L\u00edbano\u00a0donde Hezboll\u00e1, la fuerza m\u00e1s poderosa en esa zona., lanz\u00f3 100 misiles\u00a0 Katiusha contra dos centros de operaciones [&hellip;]<!-- AddThis Advanced Settings generic via filter on get_the_excerpt --><!-- AddThis Share Buttons generic via filter on get_the_excerpt --><\/p>\n","protected":false},"author":16,"featured_media":0,"comment_status":"open","ping_status":"closed","sticky":false,"template":"","format":"standard","meta":[],"categories":[1],"tags":[],"_links":{"self":[{"href":"https:\/\/blogs.elcomercio.es\/reflexiones-de-belarmino\/wp-json\/wp\/v2\/posts\/35113"}],"collection":[{"href":"https:\/\/blogs.elcomercio.es\/reflexiones-de-belarmino\/wp-json\/wp\/v2\/posts"}],"about":[{"href":"https:\/\/blogs.elcomercio.es\/reflexiones-de-belarmino\/wp-json\/wp\/v2\/types\/post"}],"author":[{"embeddable":true,"href":"https:\/\/blogs.elcomercio.es\/reflexiones-de-belarmino\/wp-json\/wp\/v2\/users\/16"}],"replies":[{"embeddable":true,"href":"https:\/\/blogs.elcomercio.es\/reflexiones-de-belarmino\/wp-json\/wp\/v2\/comments?post=35113"}],"version-history":[{"count":2,"href":"https:\/\/blogs.elcomercio.es\/reflexiones-de-belarmino\/wp-json\/wp\/v2\/posts\/35113\/revisions"}],"predecessor-version":[{"id":35115,"href":"https:\/\/blogs.elcomercio.es\/reflexiones-de-belarmino\/wp-json\/wp\/v2\/posts\/35113\/revisions\/35115"}],"wp:attachment":[{"href":"https:\/\/blogs.elcomercio.es\/reflexiones-de-belarmino\/wp-json\/wp\/v2\/media?parent=35113"}],"wp:term":[{"taxonomy":"category","embeddable":true,"href":"https:\/\/blogs.elcomercio.es\/reflexiones-de-belarmino\/wp-json\/wp\/v2\/categories?post=35113"},{"taxonomy":"post_tag","embeddable":true,"href":"https:\/\/blogs.elcomercio.es\/reflexiones-de-belarmino\/wp-json\/wp\/v2\/tags?post=35113"}],"curies":[{"name":"wp","href":"https:\/\/api.w.org\/{rel}","templated":true}]}}