{"id":35116,"date":"2024-03-12T19:17:35","date_gmt":"2024-03-12T18:17:35","guid":{"rendered":"https:\/\/blogs.elcomercio.es\/reflexiones-de-belarmino\/?p=35116"},"modified":"2024-03-12T19:17:35","modified_gmt":"2024-03-12T18:17:35","slug":"sofia-la-caceria-1979-el-consejo-de-federica-y-su-falta-del-espanol","status":"publish","type":"post","link":"https:\/\/blogs.elcomercio.es\/reflexiones-de-belarmino\/2024\/03\/12\/sofia-la-caceria-1979-el-consejo-de-federica-y-su-falta-del-espanol\/","title":{"rendered":"\u00a1\u00a1\u00a1\u00a1SOFIA, LA CACERIA, 1979, EL CONSEJO DE FEDERICA Y SU FALTA DEL ESPA\u00d1OL !!!"},"content":{"rendered":"<p><b>No hay que echar de hemeroteca, sino de nuestra propia memoria\u00a0para entender qu\u00e9 del pasado se materializa en el presente.Hace unos d\u00edas, en un acto p\u00fablico hablo la ex Reyna Sofia y sorprendo\u00a0a todos los asistentes y a los que o\u00edmos\u00a0su discursos en los medios, las dificultades\u00a0para\u00a0hablar en espa\u00f1ol. Incre\u00edble, la ex reina\u00a0de Espa\u00f1a, en\u00a0casi 50 a\u00f1os, no ha aprendido o manejado\u00a0el espa\u00f1ol.<\/b><\/p>\n<p><b>Haya que retorna a los muerte de Franco, y a como\u00a0en 1979, Sof\u00eda encontr\u00f3\u00a0en la cama a Juan Carlos con otra mujer. De inmediato, agarr\u00f3 a sus tres hijos y tom\u00f3 el avi\u00f3n a la India, donde mal viv\u00eda, su madre la ex reina Federica de Grecia.. Indignada, pero con regalos de los 4 para la abuela que no les ven\u00edan mal, aterriz\u00f3\u00a0en aquella antigua colonia brit\u00e1nica.<\/b><\/p>\n<p><b>Le coment\u00f3 a\u00a0 la madre lo que le habia pasado y que se iba a divorciar de Juan Carlos. La madre le dijo que era\u00a0un gran error. Que ella no lo hab\u00eda vivido. Cuando cay\u00f3 en Grecia la monarqu\u00eda, ella se qued\u00f3 sin casi recursos, y tuvo que ir a la India, donde viv\u00eda regularmente. &#8221; No Sof\u00eda, es un grave error. Lo se por\u00a0experiencia. Nunca te divorcies y s\u00e9 reina hasta que te mueras.&#8221;.<\/b><\/p>\n<p><b>Dicho y hecho. Regres\u00f3 con los hijos, la madre y el hind\u00fa con el que viv\u00eda\u00a0y plantaron cara a Juan Carlos.. &#8221; Vas a pagarlo. Yo no me divorciar\u00e9 nunca de ti, hasta mi muerte &#8221; y exigi\u00f3 las condiciones econ\u00f3micas para ella y su familia, a la que Juan Carlos se someti\u00f3.(Ese era el d\u00e9bil\u00a0rey antes del 23 F).<\/b><\/p>\n<p><b> Y desde entonces ah\u00ed va Do\u00f1a Sofia, con su hermana\u00a0Irene. Andan por el mundo, pero, un d\u00eda algo la traicion\u00f3. Dijo\u00a0que si a decir\u00a0unas palabras en un acto publico, y ah\u00ed se supo: &#8221; Sofia, es incapaz de hacer un discurso coherente en espa\u00f1ol, por que no es la lengua que usa desde 1979, m\u00e1xime desde 2014&#8243;.<\/b><\/p>\n<p><strong>Nada que ver con el hijo Felipe y Leteicia, que con sus 2 hijas, son un ejemplo, raz\u00f3n por las que van contra ella y contra Sanchez, las derechas mediaticas y pol\u00edticas.<\/strong><\/p>\n<p>&nbsp;<\/p>\n<p>&nbsp;<\/p>\n<p>&nbsp;<\/p>\n<p>&nbsp;<\/p>\n<p>&nbsp;<\/p>\n<!-- AddThis Advanced Settings generic via filter on the_content --><!-- AddThis Share Buttons generic via filter on the_content -->","protected":false},"excerpt":{"rendered":"<p>No hay que echar de hemeroteca, sino de nuestra propia memoria\u00a0para entender qu\u00e9 del pasado se materializa en el presente.Hace unos d\u00edas, en un acto p\u00fablico hablo la ex Reyna Sofia y sorprendo\u00a0a todos los asistentes y a los que o\u00edmos\u00a0su discursos en los medios, las dificultades\u00a0para\u00a0hablar en espa\u00f1ol. Incre\u00edble, la ex reina\u00a0de Espa\u00f1a, en\u00a0casi [&hellip;]<!-- AddThis Advanced Settings generic via filter on get_the_excerpt --><!-- AddThis Share Buttons generic via filter on get_the_excerpt --><\/p>\n","protected":false},"author":16,"featured_media":0,"comment_status":"open","ping_status":"closed","sticky":false,"template":"","format":"standard","meta":[],"categories":[1],"tags":[],"_links":{"self":[{"href":"https:\/\/blogs.elcomercio.es\/reflexiones-de-belarmino\/wp-json\/wp\/v2\/posts\/35116"}],"collection":[{"href":"https:\/\/blogs.elcomercio.es\/reflexiones-de-belarmino\/wp-json\/wp\/v2\/posts"}],"about":[{"href":"https:\/\/blogs.elcomercio.es\/reflexiones-de-belarmino\/wp-json\/wp\/v2\/types\/post"}],"author":[{"embeddable":true,"href":"https:\/\/blogs.elcomercio.es\/reflexiones-de-belarmino\/wp-json\/wp\/v2\/users\/16"}],"replies":[{"embeddable":true,"href":"https:\/\/blogs.elcomercio.es\/reflexiones-de-belarmino\/wp-json\/wp\/v2\/comments?post=35116"}],"version-history":[{"count":1,"href":"https:\/\/blogs.elcomercio.es\/reflexiones-de-belarmino\/wp-json\/wp\/v2\/posts\/35116\/revisions"}],"predecessor-version":[{"id":35117,"href":"https:\/\/blogs.elcomercio.es\/reflexiones-de-belarmino\/wp-json\/wp\/v2\/posts\/35116\/revisions\/35117"}],"wp:attachment":[{"href":"https:\/\/blogs.elcomercio.es\/reflexiones-de-belarmino\/wp-json\/wp\/v2\/media?parent=35116"}],"wp:term":[{"taxonomy":"category","embeddable":true,"href":"https:\/\/blogs.elcomercio.es\/reflexiones-de-belarmino\/wp-json\/wp\/v2\/categories?post=35116"},{"taxonomy":"post_tag","embeddable":true,"href":"https:\/\/blogs.elcomercio.es\/reflexiones-de-belarmino\/wp-json\/wp\/v2\/tags?post=35116"}],"curies":[{"name":"wp","href":"https:\/\/api.w.org\/{rel}","templated":true}]}}