{"id":35121,"date":"2024-03-13T08:57:51","date_gmt":"2024-03-13T07:57:51","guid":{"rendered":"https:\/\/blogs.elcomercio.es\/reflexiones-de-belarmino\/?p=35121"},"modified":"2024-03-13T08:57:51","modified_gmt":"2024-03-13T07:57:51","slug":"el-individualismo-la-codicialo-material-los-valores-quien-lo-ha-dicho-son-nuestras-remoras","status":"publish","type":"post","link":"https:\/\/blogs.elcomercio.es\/reflexiones-de-belarmino\/2024\/03\/13\/el-individualismo-la-codicialo-material-los-valores-quien-lo-ha-dicho-son-nuestras-remoras\/","title":{"rendered":"\u00a1\u00a1\u00a1\u00a1EL INDIVIDUALISMO, LA CODICIA,LO MATERIAL, LOS VALORES, \u00bf QUIEN LO HA DICHO? SON NUESTRAS REMORAS !!!"},"content":{"rendered":"<p><b>Primero lo aprend\u00ed de mis viejos, luego lo viv\u00ed en carne propia, y ahora\u00a0los valores que observo el gran adelanto de M\u00e9xico, lo confirmao. Como dice el Presidente L\u00f3pez Obrador. &#8220;Ni el individualismo, ni la codicia, ni el dinero, son valores: son r\u00e9moras&#8221;<\/b><\/p>\n<p><b>Como pas\u00f3 antes en M\u00e9xico, en Espa\u00f1a, no se trata\u00a0de los A<\/b><b>balos, de los Ratos, de los de D\u00edaz Ayuso, se trata de una concepci\u00f3n\u00a0general de proyecto.La inmensa mayor\u00eda de los pueblos, son decentes,como el espa\u00f1ol, felices de su trabajo, buenas personas, pero el el SISTEMA el que le da prioridad a estos valores. Mientras no acabemos\u00a0con ellos, no saldremos<\/b><\/p>\n<!-- AddThis Advanced Settings generic via filter on the_content --><!-- AddThis Share Buttons generic via filter on the_content -->","protected":false},"excerpt":{"rendered":"<p>Primero lo aprend\u00ed de mis viejos, luego lo viv\u00ed en carne propia, y ahora\u00a0los valores que observo el gran adelanto de M\u00e9xico, lo confirmao. Como dice el Presidente L\u00f3pez Obrador. &#8220;Ni el individualismo, ni la codicia, ni el dinero, son valores: son r\u00e9moras&#8221; Como pas\u00f3 antes en M\u00e9xico, en Espa\u00f1a, no se trata\u00a0de los Abalos, [&hellip;]<!-- AddThis Advanced Settings generic via filter on get_the_excerpt --><!-- AddThis Share Buttons generic via filter on get_the_excerpt --><\/p>\n","protected":false},"author":16,"featured_media":0,"comment_status":"open","ping_status":"closed","sticky":false,"template":"","format":"standard","meta":[],"categories":[1],"tags":[],"_links":{"self":[{"href":"https:\/\/blogs.elcomercio.es\/reflexiones-de-belarmino\/wp-json\/wp\/v2\/posts\/35121"}],"collection":[{"href":"https:\/\/blogs.elcomercio.es\/reflexiones-de-belarmino\/wp-json\/wp\/v2\/posts"}],"about":[{"href":"https:\/\/blogs.elcomercio.es\/reflexiones-de-belarmino\/wp-json\/wp\/v2\/types\/post"}],"author":[{"embeddable":true,"href":"https:\/\/blogs.elcomercio.es\/reflexiones-de-belarmino\/wp-json\/wp\/v2\/users\/16"}],"replies":[{"embeddable":true,"href":"https:\/\/blogs.elcomercio.es\/reflexiones-de-belarmino\/wp-json\/wp\/v2\/comments?post=35121"}],"version-history":[{"count":2,"href":"https:\/\/blogs.elcomercio.es\/reflexiones-de-belarmino\/wp-json\/wp\/v2\/posts\/35121\/revisions"}],"predecessor-version":[{"id":35123,"href":"https:\/\/blogs.elcomercio.es\/reflexiones-de-belarmino\/wp-json\/wp\/v2\/posts\/35121\/revisions\/35123"}],"wp:attachment":[{"href":"https:\/\/blogs.elcomercio.es\/reflexiones-de-belarmino\/wp-json\/wp\/v2\/media?parent=35121"}],"wp:term":[{"taxonomy":"category","embeddable":true,"href":"https:\/\/blogs.elcomercio.es\/reflexiones-de-belarmino\/wp-json\/wp\/v2\/categories?post=35121"},{"taxonomy":"post_tag","embeddable":true,"href":"https:\/\/blogs.elcomercio.es\/reflexiones-de-belarmino\/wp-json\/wp\/v2\/tags?post=35121"}],"curies":[{"name":"wp","href":"https:\/\/api.w.org\/{rel}","templated":true}]}}