{"id":35124,"date":"2024-03-13T09:16:19","date_gmt":"2024-03-13T08:16:19","guid":{"rendered":"https:\/\/blogs.elcomercio.es\/reflexiones-de-belarmino\/?p=35124"},"modified":"2024-03-13T09:16:19","modified_gmt":"2024-03-13T08:16:19","slug":"responde-claudia-scheinbaum-a-pedro-sanchez-con-un-principio-juarista","status":"publish","type":"post","link":"https:\/\/blogs.elcomercio.es\/reflexiones-de-belarmino\/2024\/03\/13\/responde-claudia-scheinbaum-a-pedro-sanchez-con-un-principio-juarista\/","title":{"rendered":"\u00a1\u00a1\u00a1RESPONDE CLAUDIA SCHEINBAUM A PEDRO SANCHEZ CON UN PRINCIPIO JUARISTA !!!"},"content":{"rendered":"<p><b>En un\u00a0 encuentro en Espa\u00f1a, Pedro Sanchez, le dijo al presidente\u00a0de MORENA: &#8221; Estamos muy preocupados por M\u00e9xico, por que\u00a0las elecciones sean democr\u00e1ticas y por los problemas del pa\u00eds&#8221;.Ayer Claudia Sheinbaum lo hizo p\u00fablico, lo critic\u00f3 por desconocer lo que pasa en M\u00e9xico y les respondi\u00f3 con la frase de Benito Ju\u00e1rez, &#8221; El respeto al derecho ajeno es la paz&#8221;.<\/b><\/p>\n<p><b>El pueblo\u00a0de M\u00e9xico, muy bien informado, est\u00e1 enterado\u00a0de que ni Pedro Sanchez entienden lo que pasa en M\u00e9xico.Esta haciendo\u00a0lo mismo que Aznar en 2006.<\/b><\/p>\n<p><strong>Otra oportunidad\u00a0 de Espa\u00f1a, por su apoyo a las electricas y la mentalidad europea, perdidas para el pa\u00eds que junto con Brasil m\u00e1s avanza en el continente.<\/strong><\/p>\n<p><strong>Sanchez,\u00a0 sabe bien que hace 5 a\u00f1os el PIB de M\u00e9xico estaba detr\u00e1s de Espa\u00f1a en 16 lugar(Espa\u00f1a en 15) y ahora M\u00e9xico disputa la posici\u00f3n 11 con Rusia, mientras Espa\u00f1a sigue en el 15..\u00bf Que cada espa\u00f1ol es tres veces m\u00e1s rico que un mexicano?. Si por que aqu\u00ed somos 47 millones y all\u00ed 130.<\/strong><\/p>\n<p><strong>Mal empiezo, de nuevo, de Espa\u00f1a con M\u00e9xico. Primero fue con L\u00f3pez Obrador, ahora ante Claudia Scheinbaum.<\/strong><\/p>\n<p><b>El tiempo lo dir\u00e1. Por lo pronto el 2 de junio Claudia Scheinbaum Pardo, ser\u00e1 la primera presidenta de M\u00e9xico<\/b><\/p>\n<p>&nbsp;<\/p>\n<!-- AddThis Advanced Settings generic via filter on the_content --><!-- AddThis Share Buttons generic via filter on the_content -->","protected":false},"excerpt":{"rendered":"<p>En un\u00a0 encuentro en Espa\u00f1a, Pedro Sanchez, le dijo al presidente\u00a0de MORENA: &#8221; Estamos muy preocupados por M\u00e9xico, por que\u00a0las elecciones sean democr\u00e1ticas y por los problemas del pa\u00eds&#8221;.Ayer Claudia Sheinbaum lo hizo p\u00fablico, lo critic\u00f3 por desconocer lo que pasa en M\u00e9xico y les respondi\u00f3 con la frase de Benito Ju\u00e1rez, &#8221; El respeto [&hellip;]<!-- AddThis Advanced Settings generic via filter on get_the_excerpt --><!-- AddThis Share Buttons generic via filter on get_the_excerpt --><\/p>\n","protected":false},"author":16,"featured_media":0,"comment_status":"open","ping_status":"closed","sticky":false,"template":"","format":"standard","meta":[],"categories":[1],"tags":[],"_links":{"self":[{"href":"https:\/\/blogs.elcomercio.es\/reflexiones-de-belarmino\/wp-json\/wp\/v2\/posts\/35124"}],"collection":[{"href":"https:\/\/blogs.elcomercio.es\/reflexiones-de-belarmino\/wp-json\/wp\/v2\/posts"}],"about":[{"href":"https:\/\/blogs.elcomercio.es\/reflexiones-de-belarmino\/wp-json\/wp\/v2\/types\/post"}],"author":[{"embeddable":true,"href":"https:\/\/blogs.elcomercio.es\/reflexiones-de-belarmino\/wp-json\/wp\/v2\/users\/16"}],"replies":[{"embeddable":true,"href":"https:\/\/blogs.elcomercio.es\/reflexiones-de-belarmino\/wp-json\/wp\/v2\/comments?post=35124"}],"version-history":[{"count":1,"href":"https:\/\/blogs.elcomercio.es\/reflexiones-de-belarmino\/wp-json\/wp\/v2\/posts\/35124\/revisions"}],"predecessor-version":[{"id":35125,"href":"https:\/\/blogs.elcomercio.es\/reflexiones-de-belarmino\/wp-json\/wp\/v2\/posts\/35124\/revisions\/35125"}],"wp:attachment":[{"href":"https:\/\/blogs.elcomercio.es\/reflexiones-de-belarmino\/wp-json\/wp\/v2\/media?parent=35124"}],"wp:term":[{"taxonomy":"category","embeddable":true,"href":"https:\/\/blogs.elcomercio.es\/reflexiones-de-belarmino\/wp-json\/wp\/v2\/categories?post=35124"},{"taxonomy":"post_tag","embeddable":true,"href":"https:\/\/blogs.elcomercio.es\/reflexiones-de-belarmino\/wp-json\/wp\/v2\/tags?post=35124"}],"curies":[{"name":"wp","href":"https:\/\/api.w.org\/{rel}","templated":true}]}}