{"id":35187,"date":"2024-03-16T12:31:10","date_gmt":"2024-03-16T11:31:10","guid":{"rendered":"https:\/\/blogs.elcomercio.es\/reflexiones-de-belarmino\/?p=35187"},"modified":"2024-03-16T12:31:10","modified_gmt":"2024-03-16T11:31:10","slug":"por-que-es-clave-tener-la-mayoria-absoluta-en-junio-para-lograr-democratizar-el-poder-judicial","status":"publish","type":"post","link":"https:\/\/blogs.elcomercio.es\/reflexiones-de-belarmino\/2024\/03\/16\/por-que-es-clave-tener-la-mayoria-absoluta-en-junio-para-lograr-democratizar-el-poder-judicial\/","title":{"rendered":"\u00a1\u00a1\u00a1\u00bf POR QU\u00c9 ES CLAVE TENER LA MAYOR\u00cdA ABSOLUTA EN JUNIO ?: PARA LOGRAR DEMOCRATIZAR EL PODER JUDICIAL !!!!"},"content":{"rendered":"<p><b>Como en Espa\u00f1a, el Poder Judicial, ligado a la oligarqu\u00eda, ha frenado de tal manera a la Cuarta Transformaci\u00f3n, al apoyar a todos los capos de los\u00a0narcos, detenidos, a funcionarios corruptos , a trasnacionales, que est\u00e1n ahora\u00a0en barata. Les quedan 3 meses.<\/b><\/p>\n<p><b>Todo empez\u00f3 que fueron con los funcionarios electorales, al servicio de la \u00e9lite, los trabajadores p\u00fablicos\u00a0que se negaron a bajar sus sueldos debajo del presidente. Siendo la \u00e9lite\u00a0de la \u00e9lite, ganan 10 veces m\u00e1s que el presidente(\u00e9ste 5,000 euros al mes), y tienen fondo para su retiro de 40 millones de dolares, asesores\u00a0por doquier, autos de alta gama, a los que no renunciaron y se enfrentaron a la mayor\u00eda del pueblo mexicano.<\/b><\/p>\n<p><b>Pero L\u00f3pez Obrador, que no le ha templado nunca el pulso, sac\u00f3 un as de la manga. Y a los \u00f3rganos\u00a0de los jueces que\u00a0 estaban en manos del Ejecutivo, ahora ha mandado una iniciativa de ley, que ya entr\u00f3, pero espera el nuevo congreso que surgir\u00e1 de las elecciones el 2 de junio. Con la mayor\u00eda\u00a0absoluta en la C\u00e1mara de Diputados, EL PODER JUDICIAL, COMO EL LEGISLATIVO ,\u00a0 EL JUDICIAL, VA A SER ELEGIDO DEMOCRATICAMENTE POR EL PUEBLO.<\/b><\/p>\n<p><strong>En M\u00e9xico, en 1857 con Benito Ju\u00e1rez, ya se habia logrado.<\/strong><\/p>\n<p><b>El m\u00e9todo ser\u00eda.CUALQUIERA PUEDE LLEGAR. Por supuesto debe cumplir los requisitos\u00a0acad\u00e9micos, la experiencia, la honestidad y ser sometidos al pueblo, pueblo, el actor principal.<\/b><\/p>\n<p><b>Con mecanismos, como se han elegido al legislativo y a los dirigentes de Morena, EL PODER JUDICIAL, el que es el \u00e1rbitro en las disputas\u00a0o discrepancias entre el EJECUTIVO\u00a0Y LEGISLATIVO, ser\u00e1 independientemente de ambos.<\/b><\/p>\n<p><b>La ofensiva de los 5 ex presidentes, de los Carteles de los narcos, de la delincuencia organizada de cuello blanco, de la ofensiva del extranjero( The New York Times y Wall Street Journal) se le han lanzado a la yugular acus\u00e1ndolo\u00a0DE ESTAR LIGADO A LOS NARCOS(sic,y resic), ahora tiene al frente al actual Poder Judicial.<\/b><\/p>\n<p><strong>Los gobernadores de Michoac\u00e1n y Guanajuato, origen de los Cristeros, de El Yunque y tierra de Felipe Calder\u00f3n, est\u00e1n pagando 1,200 boots difundiendo todas las mentiras que quieren.<\/strong><\/p>\n<p><strong>Por supuesto, desde Espa\u00f1a Aznar, quien llev\u00f3 al triunfo a Calderon y ahora la tiene protegido en FAES, mueven los hiLos<\/strong><\/p>\n<p><strong>Saben bien que la Cuarta Transformaci\u00f3n se acabaron privilegios y corrupci\u00f3n, pero tambi\u00e9n saben que Claudia Scheinbaum Pardo, es tan dura como L\u00f3pez Obrador y que pueden llegar con mayor\u00eda absoluta, y entonces sus privilegios de decenios ser\u00e1n totalmente irreversibles.<\/strong><\/p>\n<p><b>En las Ma\u00f1aneras el Presidente que le quedan 6 meses por delante, cada vez que un juez comete una irregularidad en beneficio de esas minor\u00edas, que a lo mejor llev\u00f3 al ejercito, la marina y la secretaria de seguridad P\u00fablica meses detenerlo, para que, a los dos d\u00edas, un juez, los dejase en libertad, lo exhibe con nombre, fotograf\u00eda\u00a0y lo que hizo. Y el pueblo mexicano, est\u00e1 muy bien informado&#8230;..<\/b><\/p>\n<p><strong>El 2 de junio, hablar\u00e1.<\/strong><\/p>\n<p>&nbsp;<\/p>\n<p>&nbsp;<\/p>\n<p>&nbsp;<\/p>\n<!-- AddThis Advanced Settings generic via filter on the_content --><!-- AddThis Share Buttons generic via filter on the_content -->","protected":false},"excerpt":{"rendered":"<p>Como en Espa\u00f1a, el Poder Judicial, ligado a la oligarqu\u00eda, ha frenado de tal manera a la Cuarta Transformaci\u00f3n, al apoyar a todos los capos de los\u00a0narcos, detenidos, a funcionarios corruptos , a trasnacionales, que est\u00e1n ahora\u00a0en barata. Les quedan 3 meses. Todo empez\u00f3 que fueron con los funcionarios electorales, al servicio de la \u00e9lite, [&hellip;]<!-- AddThis Advanced Settings generic via filter on get_the_excerpt --><!-- AddThis Share Buttons generic via filter on get_the_excerpt --><\/p>\n","protected":false},"author":16,"featured_media":0,"comment_status":"open","ping_status":"closed","sticky":false,"template":"","format":"standard","meta":[],"categories":[1],"tags":[],"_links":{"self":[{"href":"https:\/\/blogs.elcomercio.es\/reflexiones-de-belarmino\/wp-json\/wp\/v2\/posts\/35187"}],"collection":[{"href":"https:\/\/blogs.elcomercio.es\/reflexiones-de-belarmino\/wp-json\/wp\/v2\/posts"}],"about":[{"href":"https:\/\/blogs.elcomercio.es\/reflexiones-de-belarmino\/wp-json\/wp\/v2\/types\/post"}],"author":[{"embeddable":true,"href":"https:\/\/blogs.elcomercio.es\/reflexiones-de-belarmino\/wp-json\/wp\/v2\/users\/16"}],"replies":[{"embeddable":true,"href":"https:\/\/blogs.elcomercio.es\/reflexiones-de-belarmino\/wp-json\/wp\/v2\/comments?post=35187"}],"version-history":[{"count":2,"href":"https:\/\/blogs.elcomercio.es\/reflexiones-de-belarmino\/wp-json\/wp\/v2\/posts\/35187\/revisions"}],"predecessor-version":[{"id":35189,"href":"https:\/\/blogs.elcomercio.es\/reflexiones-de-belarmino\/wp-json\/wp\/v2\/posts\/35187\/revisions\/35189"}],"wp:attachment":[{"href":"https:\/\/blogs.elcomercio.es\/reflexiones-de-belarmino\/wp-json\/wp\/v2\/media?parent=35187"}],"wp:term":[{"taxonomy":"category","embeddable":true,"href":"https:\/\/blogs.elcomercio.es\/reflexiones-de-belarmino\/wp-json\/wp\/v2\/categories?post=35187"},{"taxonomy":"post_tag","embeddable":true,"href":"https:\/\/blogs.elcomercio.es\/reflexiones-de-belarmino\/wp-json\/wp\/v2\/tags?post=35187"}],"curies":[{"name":"wp","href":"https:\/\/api.w.org\/{rel}","templated":true}]}}