{"id":35201,"date":"2024-03-16T18:57:21","date_gmt":"2024-03-16T17:57:21","guid":{"rendered":"https:\/\/blogs.elcomercio.es\/reflexiones-de-belarmino\/?p=35201"},"modified":"2024-03-16T18:57:21","modified_gmt":"2024-03-16T17:57:21","slug":"el-psoe-sumar-y-mas-madrid-piden-la-renuncia-del-senor-rodriguez","status":"publish","type":"post","link":"https:\/\/blogs.elcomercio.es\/reflexiones-de-belarmino\/2024\/03\/16\/el-psoe-sumar-y-mas-madrid-piden-la-renuncia-del-senor-rodriguez\/","title":{"rendered":"\u00a1\u00a1\u00a1\u00a1 EL PSOE, SUMAR Y MAS MADRID PIDEN LA RENUNCIA DEL SE\u00d1OR RODRIGUEZ !!!"},"content":{"rendered":"<p><strong>Al se\u00f1or Rodriguez, les espera una lucha judicial por las palabras por escrito con Diario. es, pero adem\u00e1s, hoy, al unisono, en Madrid, el PSOE, SUMAR y MAS MADRID exigieron su renuncia por la ruindad que encierra y lo ha acompa\u00f1ado tantos a\u00f1os.<\/strong><\/p>\n<!-- AddThis Advanced Settings generic via filter on the_content --><!-- AddThis Share Buttons generic via filter on the_content -->","protected":false},"excerpt":{"rendered":"<p>Al se\u00f1or Rodriguez, les espera una lucha judicial por las palabras por escrito con Diario. es, pero adem\u00e1s, hoy, al unisono, en Madrid, el PSOE, SUMAR y MAS MADRID exigieron su renuncia por la ruindad que encierra y lo ha acompa\u00f1ado tantos a\u00f1os.<!-- AddThis Advanced Settings generic via filter on get_the_excerpt --><!-- AddThis Share Buttons generic via filter on get_the_excerpt --><\/p>\n","protected":false},"author":16,"featured_media":0,"comment_status":"open","ping_status":"closed","sticky":false,"template":"","format":"standard","meta":[],"categories":[1],"tags":[],"_links":{"self":[{"href":"https:\/\/blogs.elcomercio.es\/reflexiones-de-belarmino\/wp-json\/wp\/v2\/posts\/35201"}],"collection":[{"href":"https:\/\/blogs.elcomercio.es\/reflexiones-de-belarmino\/wp-json\/wp\/v2\/posts"}],"about":[{"href":"https:\/\/blogs.elcomercio.es\/reflexiones-de-belarmino\/wp-json\/wp\/v2\/types\/post"}],"author":[{"embeddable":true,"href":"https:\/\/blogs.elcomercio.es\/reflexiones-de-belarmino\/wp-json\/wp\/v2\/users\/16"}],"replies":[{"embeddable":true,"href":"https:\/\/blogs.elcomercio.es\/reflexiones-de-belarmino\/wp-json\/wp\/v2\/comments?post=35201"}],"version-history":[{"count":1,"href":"https:\/\/blogs.elcomercio.es\/reflexiones-de-belarmino\/wp-json\/wp\/v2\/posts\/35201\/revisions"}],"predecessor-version":[{"id":35202,"href":"https:\/\/blogs.elcomercio.es\/reflexiones-de-belarmino\/wp-json\/wp\/v2\/posts\/35201\/revisions\/35202"}],"wp:attachment":[{"href":"https:\/\/blogs.elcomercio.es\/reflexiones-de-belarmino\/wp-json\/wp\/v2\/media?parent=35201"}],"wp:term":[{"taxonomy":"category","embeddable":true,"href":"https:\/\/blogs.elcomercio.es\/reflexiones-de-belarmino\/wp-json\/wp\/v2\/categories?post=35201"},{"taxonomy":"post_tag","embeddable":true,"href":"https:\/\/blogs.elcomercio.es\/reflexiones-de-belarmino\/wp-json\/wp\/v2\/tags?post=35201"}],"curies":[{"name":"wp","href":"https:\/\/api.w.org\/{rel}","templated":true}]}}