{"id":35206,"date":"2024-03-16T20:22:44","date_gmt":"2024-03-16T19:22:44","guid":{"rendered":"https:\/\/blogs.elcomercio.es\/reflexiones-de-belarmino\/?p=35206"},"modified":"2024-03-16T20:22:44","modified_gmt":"2024-03-16T19:22:44","slug":"belarmino-tomas-nunca-tuvo-casa-propia-y-tras-firmar-los-billetes-en-mexico-vendia-alpargatas-en-donay-s-a","status":"publish","type":"post","link":"https:\/\/blogs.elcomercio.es\/reflexiones-de-belarmino\/2024\/03\/16\/belarmino-tomas-nunca-tuvo-casa-propia-y-tras-firmar-los-billetes-en-mexico-vendia-alpargatas-en-donay-s-a\/","title":{"rendered":"\u00a1\u00a1\u00a1\u00a1BELARMINO TOMAS NUNCA TUVO CASA PROPIA Y TRAS FIRMAR LOS BILLETES, EN MEXICO VEND\u00cdA ALPARGATAS EN DONAY S.A. !!"},"content":{"rendered":"<p><b>Recuerdo el d\u00eda. Yo ten\u00eda 5 a\u00f1os y habia vacaciones y acompa\u00f1aba a mi abuelo a su trabajo. En Alpargatas Donay le dieron un cochecito un Ford del 36 y saliamos con sus cajitas y aquellas\u00a0alpargatas que yo no conoc\u00eda. Un d\u00eda, al llegar en articulo 123, a una zapater\u00eda de un exiliado\u00a0 econ\u00f3mico\u00a0asturiano, y tras presentarle Belarmino el producto, en confianza le dijo: &#8221; Viendo su honestidad y buen trabajo, no se si conocer\u00e1 a un asturiano que se rob\u00f3 todo el dinero de Asturias: Se llama Belarmino Tom\u00e1s&#8221;.<\/b><\/p>\n<p><b>&#8221; Yo soy Belarmino Tom\u00e1s&#8221; les respondi\u00f3 mientras volv\u00eda\u00a0\u00a0poner las alpargatas en sus cajas. No dijo nada, pero observ\u00e9 a la salida sus ojitos llorosos. Hab\u00edan luchado contra Franco en 1934, en 1936 y 1937 con dignidad, pero se ve\u00eda impotente ante la calumnia.<\/b><\/p>\n<p><strong>Veinte a\u00f1os m\u00e1s tarde, deseoso de conocer la tierra\u00a0 donde mis abuelas hablaban de que habia unas manzanas y unas peras inmensas, unas urbes como Sama, Cia\u00f1o, Mieres, y un &#8220;elixir de los dioses&#8221; llamado, Sidra , decidi\u00ed venir en unas vacaciones a Espa\u00f1a.<\/strong><\/p>\n<p><b>He comentado\u00a0como en Tolouse la Ejecutiva de Juventudes\u00a0me pidi\u00f3 pasar antes por Paris, para ayudarles a distribuir los documentos del Congreso en el interior. El contacto en Madrid estaba en la librer\u00eda del Corte Ingl\u00e9s de la Castellana, joven de mi edad con menos cabello y su\u00e9ter\u00a0azul a cuadros: Era Miguel Boyer.<\/b><\/p>\n<p><b>He comentado tanbi\u00e9n, , como tras cumplir con el trabajo el comisario Delfino Ramos, me detuvo, y me encerr\u00f3 poco m\u00e1s de una semana en Pumar\u00edn, en Oviedo. Cada cuatro horas bajaba un joven guard\u00eda civil, que sacaba el tema: &#8221; Hombre, mexicano, Jorge Negrete, Cantinflas y as\u00ed&#8221;, En una de las \u00faltimas noches lleg\u00f3 otro joven guard\u00eda civil.<\/b><\/p>\n<p><b> &#8221; Mexicano. No hombre, all\u00ed hay un Asturiano que se llev\u00f3 todo el dinero de Asturias, y vive en unos chalets, con mayordomos y autos. &#8221; Pensaba y pensaba yo, quien\u00a0ser\u00eda tan rico. \u00bf Carlos Trouyet, el principal banquero, y no acert\u00e9, hasta que ele me dice se llama Belarmino Tom\u00e1s&#8221;.<\/b><\/p>\n<p><strong>Soy orgullosamente el mayor de sus nietos y comento. Belarmino nunca tuvo casa propia. En M\u00e9xico vend\u00eda alpargatas para comer y mi padre, abogado, sin papeles en M\u00e9xico, lavaba platos en el Bar Cant\u00e1brico.<\/strong><\/p>\n<p><strong>La casa que hizo a mano a los 20 a\u00f1os que se cas\u00f3 con Severina en Gargantada, de dos plantas, hechas los fines de semana, donde naci\u00f3 Ucesino, se derrumb\u00f3 con el tiempo.<\/strong><\/p>\n<p><b>Al morir el dictador y regresar mis padres y mis t\u00edos, mi madre y t\u00edos reconstruyeron la casa en ruinas, y la entregaron como Casa de la CUltura. Estuve en esa inauguraci\u00f3n. La plana mayor del socialismo goz\u00f3 la spicha.<a href=\"https:\/\/static-blogs.elcomercio.es\/wp-content\/uploads\/sites\/15\/2016\/11\/doc02161220160905193738_001.jpg\"><img loading=\"lazy\" class=\"alignnone size-large wp-image-1842\" src=\"https:\/\/static-blogs.elcomercio.es\/wp-content\/uploads\/sites\/15\/2016\/11\/doc02161220160905193738_001-1024x724.jpg\" alt=\"\" width=\"1024\" height=\"724\" srcset=\"https:\/\/static-blogs.elcomercio.es\/wp-content\/uploads\/sites\/15\/2016\/11\/doc02161220160905193738_001-1024x724.jpg 1024w, https:\/\/static-blogs.elcomercio.es\/wp-content\/uploads\/sites\/15\/2016\/11\/doc02161220160905193738_001-300x212.jpg 300w, https:\/\/static-blogs.elcomercio.es\/wp-content\/uploads\/sites\/15\/2016\/11\/doc02161220160905193738_001-768x543.jpg 768w\" sizes=\"(max-width: 1024px) 100vw, 1024px\" \/><\/a><\/b><\/p>\n<p><b>Hace 17 a\u00f1os, cuando fui a visitarla, estaba en ruinas, invadida por la maleza y s\u00f3lo visible la escalera de hierro que conectaba ambos pisos. Fui a ver a la Alcaldesa de Sama, un se\u00f1ora Ester D\u00edaz. Me anunci\u00e9\u00a0ante la secretaria. \u00bf Y Para que quiere verla?, dos veces, hasta que le dije d\u00edgale\u00a0que est\u00e1\u00a0aqui el nieto de Belarmino Tom\u00e1s&#8221;. La respuesta, \u00bf Y QUIEN ES BELARMINO TOMAS ?. Indignado fui a ver a I\u00f1igo Noriega quien le sac\u00f3 fotos y fue le portada de aquel domingo, con mis primas y yo..<\/b><\/p>\n<p><strong>Ni aquella Ester D\u00edaz ni nadie se acord\u00f3 de aquella casita, y hasta hoy.<\/strong><\/p>\n<p><strong>Y se acab\u00f3 el asunto&#8230;&#8230;<\/strong><\/p>\n<p>&nbsp;<\/p>\n<p>&nbsp;<\/p>\n<p>&nbsp;<\/p>\n<p>&nbsp;<\/p>\n<!-- AddThis Advanced Settings generic via filter on the_content --><!-- AddThis Share Buttons generic via filter on the_content -->","protected":false},"excerpt":{"rendered":"<p>Recuerdo el d\u00eda. Yo ten\u00eda 5 a\u00f1os y habia vacaciones y acompa\u00f1aba a mi abuelo a su trabajo. En Alpargatas Donay le dieron un cochecito un Ford del 36 y saliamos con sus cajitas y aquellas\u00a0alpargatas que yo no conoc\u00eda. Un d\u00eda, al llegar en articulo 123, a una zapater\u00eda de un exiliado\u00a0 econ\u00f3mico\u00a0asturiano, y [&hellip;]<!-- AddThis Advanced Settings generic via filter on get_the_excerpt --><!-- AddThis Share Buttons generic via filter on get_the_excerpt --><\/p>\n","protected":false},"author":16,"featured_media":0,"comment_status":"open","ping_status":"closed","sticky":false,"template":"","format":"standard","meta":[],"categories":[1],"tags":[],"_links":{"self":[{"href":"https:\/\/blogs.elcomercio.es\/reflexiones-de-belarmino\/wp-json\/wp\/v2\/posts\/35206"}],"collection":[{"href":"https:\/\/blogs.elcomercio.es\/reflexiones-de-belarmino\/wp-json\/wp\/v2\/posts"}],"about":[{"href":"https:\/\/blogs.elcomercio.es\/reflexiones-de-belarmino\/wp-json\/wp\/v2\/types\/post"}],"author":[{"embeddable":true,"href":"https:\/\/blogs.elcomercio.es\/reflexiones-de-belarmino\/wp-json\/wp\/v2\/users\/16"}],"replies":[{"embeddable":true,"href":"https:\/\/blogs.elcomercio.es\/reflexiones-de-belarmino\/wp-json\/wp\/v2\/comments?post=35206"}],"version-history":[{"count":1,"href":"https:\/\/blogs.elcomercio.es\/reflexiones-de-belarmino\/wp-json\/wp\/v2\/posts\/35206\/revisions"}],"predecessor-version":[{"id":35207,"href":"https:\/\/blogs.elcomercio.es\/reflexiones-de-belarmino\/wp-json\/wp\/v2\/posts\/35206\/revisions\/35207"}],"wp:attachment":[{"href":"https:\/\/blogs.elcomercio.es\/reflexiones-de-belarmino\/wp-json\/wp\/v2\/media?parent=35206"}],"wp:term":[{"taxonomy":"category","embeddable":true,"href":"https:\/\/blogs.elcomercio.es\/reflexiones-de-belarmino\/wp-json\/wp\/v2\/categories?post=35206"},{"taxonomy":"post_tag","embeddable":true,"href":"https:\/\/blogs.elcomercio.es\/reflexiones-de-belarmino\/wp-json\/wp\/v2\/tags?post=35206"}],"curies":[{"name":"wp","href":"https:\/\/api.w.org\/{rel}","templated":true}]}}