{"id":35232,"date":"2024-03-18T11:42:09","date_gmt":"2024-03-18T10:42:09","guid":{"rendered":"https:\/\/blogs.elcomercio.es\/reflexiones-de-belarmino\/?p=35232"},"modified":"2024-03-18T11:42:09","modified_gmt":"2024-03-18T10:42:09","slug":"en-auge-todos-los-que-hicieron-el-viejo-mexico-ahora-crean-en-madrid-el-pequeno-polanco","status":"publish","type":"post","link":"https:\/\/blogs.elcomercio.es\/reflexiones-de-belarmino\/2024\/03\/18\/en-auge-todos-los-que-hicieron-el-viejo-mexico-ahora-crean-en-madrid-el-pequeno-polanco\/","title":{"rendered":"\u00a1\u00a1\u00a1\u00a1\u00a1EN AUGE, TODOS LOS QUE HICIERON EL VIEJO MEXICO, AHORA CREAN EN MADRID, &#8220;EL PEQUE\u00d1O POLANCO&#8221;!!!"},"content":{"rendered":"<p><strong>Sin hacer una Revoluci\u00f3n como lo hizo Fidel, los que crearon el M\u00e9xico que usted tiene en sus ojitos, los narcos, los coruptos, los que vivieron\u00a0 vida de ensue\u00f1a mientras convert\u00edan al pa\u00eds en uno de elos m\u00e1s desiguales y pobres del mundo:. Ex presidentes, ex lideres de C\u00e1rteles, fortunas sin pagar impuestos,clase media acomodada que tiene pendientes con la justicia, encontraron el camino, y pronto se corri\u00f3 la voz:\u00bfEL EXILIO DORADO?,:&#8221;ESPA\u00d1A, maestro &#8220;<\/strong><\/p>\n<p><strong>Tranquilidad, desconocidos, buen clima, turismo de primera, y \u00bf las comilonas, y los mariscos, y los chuletones de Avila y los Rioja y los Vega Sicilia?. \u00bf Donde?, y adem\u00e1s en espa\u00f1ol, para no pasar las penurias de los anticastristas., buenos colegios, los amigos donde protestar de la &#8220;falta de libertad&#8221;, como Aznar, Abascal, Do\u00f1a Isabel. El camino: &#8220;Felipillo Calderon&#8221;.<\/strong><\/p>\n<p><strong>Sabedores de que la IV Transformaci\u00f3n va a continuar, que tiene Claudia Sheinbaum todas las posibilidades de ganar por mayor\u00eda absoluta el 2 de junio, preparan su futuro.<\/strong><\/p>\n<p><strong>Y empiezan a aparecer en las revistas del coraz\u00f3n espa\u00f1olas, , para empezar a ser conocidos, los\u00a0 periodistas que se hicieron millonarios al amparo del poder. Los L\u00f3pez D\u00f3riga, los Loret de Mola, y otros con sus mujeres id\u00edlicas, los Aguilar Camin y Angeles Mastreta, fieeles servidores de Felipe,los Krauze&#8230;&#8230;<\/strong><\/p>\n<p><b>Por supuesto, &#8220;los cuates&#8221;, &#8220;los salvadores del pa\u00eds&#8221; , ya encontraron su Peque\u00f1a Habana: se llama el &#8221; Peque\u00f1o Polanco&#8221; entre las elites\u00a0en Madrid.En M\u00e9xico, para esa minor\u00eda quien no iba a Polanco, a sus grandes tiendas, restaurantes, no eran nada.<\/b><\/p>\n<p><b>La Cuarta Transformaci\u00f3n, sin violencia, constitucionalmente, logr\u00f3 pasar de un Estado casi fallido a otro cambiado de\u00a0<\/b><b>ra\u00edz. Lleg\u00f3 el momento de los 130 millones de trabajadores, morenos, tan despreciados por los que preparan su futuro en Europa.<\/b><\/p>\n<p><strong>Por su propia voluntad, &#8221; bien huidos&#8221; de aquel pais que usaron, pero que nunca comprendieron.<\/strong><\/p>\n<p>&nbsp;<\/p>\n<!-- AddThis Advanced Settings generic via filter on the_content --><!-- AddThis Share Buttons generic via filter on the_content -->","protected":false},"excerpt":{"rendered":"<p>Sin hacer una Revoluci\u00f3n como lo hizo Fidel, los que crearon el M\u00e9xico que usted tiene en sus ojitos, los narcos, los coruptos, los que vivieron\u00a0 vida de ensue\u00f1a mientras convert\u00edan al pa\u00eds en uno de elos m\u00e1s desiguales y pobres del mundo:. Ex presidentes, ex lideres de C\u00e1rteles, fortunas sin pagar impuestos,clase media acomodada [&hellip;]<!-- AddThis Advanced Settings generic via filter on get_the_excerpt --><!-- AddThis Share Buttons generic via filter on get_the_excerpt --><\/p>\n","protected":false},"author":16,"featured_media":0,"comment_status":"open","ping_status":"closed","sticky":false,"template":"","format":"standard","meta":[],"categories":[1],"tags":[],"_links":{"self":[{"href":"https:\/\/blogs.elcomercio.es\/reflexiones-de-belarmino\/wp-json\/wp\/v2\/posts\/35232"}],"collection":[{"href":"https:\/\/blogs.elcomercio.es\/reflexiones-de-belarmino\/wp-json\/wp\/v2\/posts"}],"about":[{"href":"https:\/\/blogs.elcomercio.es\/reflexiones-de-belarmino\/wp-json\/wp\/v2\/types\/post"}],"author":[{"embeddable":true,"href":"https:\/\/blogs.elcomercio.es\/reflexiones-de-belarmino\/wp-json\/wp\/v2\/users\/16"}],"replies":[{"embeddable":true,"href":"https:\/\/blogs.elcomercio.es\/reflexiones-de-belarmino\/wp-json\/wp\/v2\/comments?post=35232"}],"version-history":[{"count":3,"href":"https:\/\/blogs.elcomercio.es\/reflexiones-de-belarmino\/wp-json\/wp\/v2\/posts\/35232\/revisions"}],"predecessor-version":[{"id":35235,"href":"https:\/\/blogs.elcomercio.es\/reflexiones-de-belarmino\/wp-json\/wp\/v2\/posts\/35232\/revisions\/35235"}],"wp:attachment":[{"href":"https:\/\/blogs.elcomercio.es\/reflexiones-de-belarmino\/wp-json\/wp\/v2\/media?parent=35232"}],"wp:term":[{"taxonomy":"category","embeddable":true,"href":"https:\/\/blogs.elcomercio.es\/reflexiones-de-belarmino\/wp-json\/wp\/v2\/categories?post=35232"},{"taxonomy":"post_tag","embeddable":true,"href":"https:\/\/blogs.elcomercio.es\/reflexiones-de-belarmino\/wp-json\/wp\/v2\/tags?post=35232"}],"curies":[{"name":"wp","href":"https:\/\/api.w.org\/{rel}","templated":true}]}}