{"id":35249,"date":"2024-03-18T19:48:40","date_gmt":"2024-03-18T18:48:40","guid":{"rendered":"https:\/\/blogs.elcomercio.es\/reflexiones-de-belarmino\/?p=35249"},"modified":"2024-03-18T19:48:40","modified_gmt":"2024-03-18T18:48:40","slug":"que-pasara-por-las-cabecitas-de-putin-macron-scholtz-biden-trump-y-xi-jinping-hoy-y-como-afectara-a-nuestros-hijos","status":"publish","type":"post","link":"https:\/\/blogs.elcomercio.es\/reflexiones-de-belarmino\/2024\/03\/18\/que-pasara-por-las-cabecitas-de-putin-macron-scholtz-biden-trump-y-xi-jinping-hoy-y-como-afectara-a-nuestros-hijos\/","title":{"rendered":"\u00a1\u00a1\u00a1\u00a1\u00bf QU\u00c9 PASAR\u00c1 POR LAS CABECITAS DE PUTIN, MACRON, SCHOLTZ, BIDEN, TRUMP Y XI JINPING, HOY, Y COMO AFECTAR\u00c1 A NUESTROS HIJOS ?!!!"},"content":{"rendered":"<p><b>Bien, hora de pensar un poco. Lunes 18 marzo del 2024, media tarde en Gij\u00f3n.\u00bf Que pensar\u00e1n en esas cabecitas donde se tomaran\u00a0decisiones que nos afectar\u00e1n a nosotros y a nuestros hijos?. Veamos, sin pretensiones.<\/b><\/p>\n<p><strong>El &#8220;Tigre agil,poderoso&#8221;, sali\u00f3 ayer reforzado como nunca por su pueblo.No s\u00f3lo recuper\u00f3 las fronteras que son estrat\u00e9gicas para Rusia y Crimea, sino que, ante su pueblo HA DERROTADO A OCCIDENTE. (No s\u00f3lo a Ucrania, sino a los 50 paises que siempre habla Borrel, que es Occidente: EE:UU, la Uni\u00f3n Europea, el Reino Unido y la Commonwealth. Biden materializ\u00f3 la demanda de Trump: Pague Europa con sus 2 % del PIB su defensa.). Casi sin inmutarse en su econom\u00eda y con todo el poder nuclear y la riqueza de todo el pais m\u00e1s grande del mundo(potencia media dijo hoy de Rusia Macr\u00f3n ).<\/strong><\/p>\n<p><strong>Putin, piensa, en plena forma y 70 a\u00f1os. Su gran sue\u00f1o: &#8221; Volver a atener todos los territorios que una vez fueron de la URSS&#8221;.Y va por ellos, pero ahora con los BRICS, va con socios de Medio Oriente, Africa y Am\u00e9rica Latina.<\/strong><\/p>\n<p><strong>Macr\u00f3n hace bIen en mandar el mensaje: &#8221; hay que mandar tropas europeas a las fronteras que ya son rusas&#8221; y por lo menos, no muy convencido,manda la finta. Scholtz, que ya es la Cuarta Potencia Mundial, piensa en que el veto nuclear y armamentista tras haber causado dos Guerras Mundiales, es el momento de levantarlos ante &#8220;el riesgo ruso&#8221; y su futuro de potencia real, como ha sido a lo largo de la historia.<\/strong><\/p>\n<p><b>Biden, trata de sobrevivir en las mejores condiciones f\u00edsicas\u00a0y mentales. Queriendo dejarlo, no puede hacerlo por que, por ahora no hay recambio.<\/b><\/p>\n<p><b>Donald, ansioso, por la revancha, caiga quien caiga, pero sabiendo que el sistema en los Estados Unidos no se lo va a poner f\u00e1cil, necesita dinero,mucho dinero Por ello las zapatillas para sus 60 millones de seguidores(muy inteligente), el retraso de los pagos a sus &#8220;girls&#8221; que ele ganaron los juicios.<\/b><\/p>\n<p><b>A 15,000 kil\u00f3metros, reforzado, sabedor que el futuro es suyo, el \u00fanico con programa hasta 1947, sin la r\u00e9mora\u00a0de la democracia parlamentaria, Xi Jinping, prepara el futuro, recuperando el valor y la inteligencia de MAO,A su lado, la isla de TAIWAN, del TAMA\u00d1O DE ASTURIAS, su intocable,como lo fue Honk Kong, teritorio que no dejar\u00e1 jam\u00e1s.<\/b><\/p>\n<p><b>En Medio Oriente, ya est\u00e1n en la universidad los que escribir\u00e1n\u00a0los libros que criticaran\u00a0el atraso de Israel, la ca\u00edda\u00a0y derrota de Netanyahu, que trata de estirar el tiempo hasta que llegue Trump.<\/b><\/p>\n<p><strong>Nieto de abuelos muertos en Gaza, de padres que cayeron bajo las bombas en Gaza, ya tiene 20 a\u00f1os el futuro lider de PALESTINA<\/strong>.<\/p>\n<p><b>Mientras, en Roma, con su cadera lastimada, y la Semana Santa por delante, Francisco I, pensar\u00e1 en el atardecer: &#8221; Hay Dios m\u00edo,&#8230;. la historia no cambia&#8221;. \u00bf Donde estuvo el pecado capital?&#8230;&#8230;&#8221; Yo ya estoy listo, cre\u00f3\u00a0que cumpl\u00ed\u00a0con dignidad el trabajo que me encargaste&#8221;&#8230;&#8230;<\/b><\/p>\n<p><b>Y dentro de 3 d\u00edas empezar\u00e1\u00a0la primavera y la naturaleza seguir\u00e1 su ritmo, sin importarle el de sus especies, ni siquiera la de esa especie especial llamada\u00a0el hombre.<\/b><\/p>\n<p><b>El sol volver a salir\u00a0por oriente, las aguas\u00a0del mar llevar\u00e1n sus ritmos&#8230;.<\/b><\/p>\n<p>&nbsp;<\/p>\n<p>&nbsp;<\/p>\n<!-- AddThis Advanced Settings generic via filter on the_content --><!-- AddThis Share Buttons generic via filter on the_content -->","protected":false},"excerpt":{"rendered":"<p>Bien, hora de pensar un poco. Lunes 18 marzo del 2024, media tarde en Gij\u00f3n.\u00bf Que pensar\u00e1n en esas cabecitas donde se tomaran\u00a0decisiones que nos afectar\u00e1n a nosotros y a nuestros hijos?. Veamos, sin pretensiones. El &#8220;Tigre agil,poderoso&#8221;, sali\u00f3 ayer reforzado como nunca por su pueblo.No s\u00f3lo recuper\u00f3 las fronteras que son estrat\u00e9gicas para Rusia [&hellip;]<!-- AddThis Advanced Settings generic via filter on get_the_excerpt --><!-- AddThis Share Buttons generic via filter on get_the_excerpt --><\/p>\n","protected":false},"author":16,"featured_media":0,"comment_status":"open","ping_status":"closed","sticky":false,"template":"","format":"standard","meta":[],"categories":[1],"tags":[],"_links":{"self":[{"href":"https:\/\/blogs.elcomercio.es\/reflexiones-de-belarmino\/wp-json\/wp\/v2\/posts\/35249"}],"collection":[{"href":"https:\/\/blogs.elcomercio.es\/reflexiones-de-belarmino\/wp-json\/wp\/v2\/posts"}],"about":[{"href":"https:\/\/blogs.elcomercio.es\/reflexiones-de-belarmino\/wp-json\/wp\/v2\/types\/post"}],"author":[{"embeddable":true,"href":"https:\/\/blogs.elcomercio.es\/reflexiones-de-belarmino\/wp-json\/wp\/v2\/users\/16"}],"replies":[{"embeddable":true,"href":"https:\/\/blogs.elcomercio.es\/reflexiones-de-belarmino\/wp-json\/wp\/v2\/comments?post=35249"}],"version-history":[{"count":2,"href":"https:\/\/blogs.elcomercio.es\/reflexiones-de-belarmino\/wp-json\/wp\/v2\/posts\/35249\/revisions"}],"predecessor-version":[{"id":35252,"href":"https:\/\/blogs.elcomercio.es\/reflexiones-de-belarmino\/wp-json\/wp\/v2\/posts\/35249\/revisions\/35252"}],"wp:attachment":[{"href":"https:\/\/blogs.elcomercio.es\/reflexiones-de-belarmino\/wp-json\/wp\/v2\/media?parent=35249"}],"wp:term":[{"taxonomy":"category","embeddable":true,"href":"https:\/\/blogs.elcomercio.es\/reflexiones-de-belarmino\/wp-json\/wp\/v2\/categories?post=35249"},{"taxonomy":"post_tag","embeddable":true,"href":"https:\/\/blogs.elcomercio.es\/reflexiones-de-belarmino\/wp-json\/wp\/v2\/tags?post=35249"}],"curies":[{"name":"wp","href":"https:\/\/api.w.org\/{rel}","templated":true}]}}