{"id":35334,"date":"2024-03-22T11:31:03","date_gmt":"2024-03-22T10:31:03","guid":{"rendered":"https:\/\/blogs.elcomercio.es\/reflexiones-de-belarmino\/?p=35334"},"modified":"2024-03-22T11:31:03","modified_gmt":"2024-03-22T10:31:03","slug":"mexico-lanza-una-convocatoria-para-contratar-9000-medicos-especialistas-para-el-sistema-nacional-de-salud","status":"publish","type":"post","link":"https:\/\/blogs.elcomercio.es\/reflexiones-de-belarmino\/2024\/03\/22\/mexico-lanza-una-convocatoria-para-contratar-9000-medicos-especialistas-para-el-sistema-nacional-de-salud\/","title":{"rendered":"\u00a1\u00a1\u00a1\u00a1MEXICO LANZA UNA CONVOCATORIA PARA CONTRATAR 9,000 M\u00c9DICOS ESPECIALISTAS PARA EL SISTEMA NACIONAL DE SALUD !!!"},"content":{"rendered":"<p><b>Ayer, en la tercera reuni\u00f3n en el estado de Oaxaca, el presidente\u00a0se reuni\u00f3 para analizar los avances del Sistema de Salud Universal y gratuito\u00a0 con todas y todos los gobernadores del pa\u00eds(la mitad son mujeres), y donde tiene el compromiso\u00a0de que todo el sistema\u00a0estar\u00e1\u00a0a disposici\u00f3n de los 133 millones de habitantes, antes del 1 de septiembre\u00a0que entrega el cargo.. La m\u00e1s importante decisi\u00f3n fue lanzar la convocatoria PARA LICITAR Y CONTRATAR 9,000 M\u00c9DICOS\u00a0ESPECIALISTAS, que se necesitan<\/b><\/p>\n<p>&nbsp;<\/p>\n<!-- AddThis Advanced Settings generic via filter on the_content --><!-- AddThis Share Buttons generic via filter on the_content -->","protected":false},"excerpt":{"rendered":"<p>Ayer, en la tercera reuni\u00f3n en el estado de Oaxaca, el presidente\u00a0se reuni\u00f3 para analizar los avances del Sistema de Salud Universal y gratuito\u00a0 con todas y todos los gobernadores del pa\u00eds(la mitad son mujeres), y donde tiene el compromiso\u00a0de que todo el sistema\u00a0estar\u00e1\u00a0a disposici\u00f3n de los 133 millones de habitantes, antes del 1 de [&hellip;]<!-- AddThis Advanced Settings generic via filter on get_the_excerpt --><!-- AddThis Share Buttons generic via filter on get_the_excerpt --><\/p>\n","protected":false},"author":16,"featured_media":0,"comment_status":"open","ping_status":"closed","sticky":false,"template":"","format":"standard","meta":[],"categories":[1],"tags":[],"_links":{"self":[{"href":"https:\/\/blogs.elcomercio.es\/reflexiones-de-belarmino\/wp-json\/wp\/v2\/posts\/35334"}],"collection":[{"href":"https:\/\/blogs.elcomercio.es\/reflexiones-de-belarmino\/wp-json\/wp\/v2\/posts"}],"about":[{"href":"https:\/\/blogs.elcomercio.es\/reflexiones-de-belarmino\/wp-json\/wp\/v2\/types\/post"}],"author":[{"embeddable":true,"href":"https:\/\/blogs.elcomercio.es\/reflexiones-de-belarmino\/wp-json\/wp\/v2\/users\/16"}],"replies":[{"embeddable":true,"href":"https:\/\/blogs.elcomercio.es\/reflexiones-de-belarmino\/wp-json\/wp\/v2\/comments?post=35334"}],"version-history":[{"count":1,"href":"https:\/\/blogs.elcomercio.es\/reflexiones-de-belarmino\/wp-json\/wp\/v2\/posts\/35334\/revisions"}],"predecessor-version":[{"id":35335,"href":"https:\/\/blogs.elcomercio.es\/reflexiones-de-belarmino\/wp-json\/wp\/v2\/posts\/35334\/revisions\/35335"}],"wp:attachment":[{"href":"https:\/\/blogs.elcomercio.es\/reflexiones-de-belarmino\/wp-json\/wp\/v2\/media?parent=35334"}],"wp:term":[{"taxonomy":"category","embeddable":true,"href":"https:\/\/blogs.elcomercio.es\/reflexiones-de-belarmino\/wp-json\/wp\/v2\/categories?post=35334"},{"taxonomy":"post_tag","embeddable":true,"href":"https:\/\/blogs.elcomercio.es\/reflexiones-de-belarmino\/wp-json\/wp\/v2\/tags?post=35334"}],"curies":[{"name":"wp","href":"https:\/\/api.w.org\/{rel}","templated":true}]}}