{"id":35336,"date":"2024-03-22T12:24:28","date_gmt":"2024-03-22T11:24:28","guid":{"rendered":"https:\/\/blogs.elcomercio.es\/reflexiones-de-belarmino\/?p=35336"},"modified":"2024-03-22T12:24:28","modified_gmt":"2024-03-22T11:24:28","slug":"rusiaantes-de-fin-de-ano-tendra-dos-cuerpos-de-ejercitos-a-nivel-de-todo-el-pais-y-y-14-divisiones-mas","status":"publish","type":"post","link":"https:\/\/blogs.elcomercio.es\/reflexiones-de-belarmino\/2024\/03\/22\/rusiaantes-de-fin-de-ano-tendra-dos-cuerpos-de-ejercitos-a-nivel-de-todo-el-pais-y-y-14-divisiones-mas\/","title":{"rendered":"\u00a1\u00a1\u00a1\u00a1RUSIA,ANTES DE FIN DE A\u00d1O, TENDR\u00c1 DOS CUERPOS DE EJ\u00c9RCITOS  A NIVEL DE TODO EL PAIS Y Y 14 DIVISIONES M\u00c1S !!!"},"content":{"rendered":"<p><b>Rusia tiene, seg\u00fan\u00a0el Reino Unido, 2 veces y medio m\u00e1s\u00a0 municiones\u00a0 que todo Estados Unidos y Europa,lo cual nos da la idea de la potencia del mayor pais del mundo. Ayer, Soigh\u00fa, Ministro\u00a0de la Defensa, ha informado\u00a0que antes de fin de a\u00f1os, Rusia tendr\u00e1\u00a0dos cuerpos de ejercito\u00a0para todo su territorio y 14 batallones. Se est\u00e1 creando un nuevo cuerpo del ejercito , una divisi\u00f3n motorizada de\u00a0fusileros en la flotilla\u00a0del R\u00edo Dnieper y una brigada de barcos fluviales en esa zona.<\/b><\/p>\n<!-- AddThis Advanced Settings generic via filter on the_content --><!-- AddThis Share Buttons generic via filter on the_content -->","protected":false},"excerpt":{"rendered":"<p>Rusia tiene, seg\u00fan\u00a0el Reino Unido, 2 veces y medio m\u00e1s\u00a0 municiones\u00a0 que todo Estados Unidos y Europa,lo cual nos da la idea de la potencia del mayor pais del mundo. Ayer, Soigh\u00fa, Ministro\u00a0de la Defensa, ha informado\u00a0que antes de fin de a\u00f1os, Rusia tendr\u00e1\u00a0dos cuerpos de ejercito\u00a0para todo su territorio y 14 batallones. Se est\u00e1 [&hellip;]<!-- AddThis Advanced Settings generic via filter on get_the_excerpt --><!-- AddThis Share Buttons generic via filter on get_the_excerpt --><\/p>\n","protected":false},"author":16,"featured_media":0,"comment_status":"open","ping_status":"closed","sticky":false,"template":"","format":"standard","meta":[],"categories":[1],"tags":[],"_links":{"self":[{"href":"https:\/\/blogs.elcomercio.es\/reflexiones-de-belarmino\/wp-json\/wp\/v2\/posts\/35336"}],"collection":[{"href":"https:\/\/blogs.elcomercio.es\/reflexiones-de-belarmino\/wp-json\/wp\/v2\/posts"}],"about":[{"href":"https:\/\/blogs.elcomercio.es\/reflexiones-de-belarmino\/wp-json\/wp\/v2\/types\/post"}],"author":[{"embeddable":true,"href":"https:\/\/blogs.elcomercio.es\/reflexiones-de-belarmino\/wp-json\/wp\/v2\/users\/16"}],"replies":[{"embeddable":true,"href":"https:\/\/blogs.elcomercio.es\/reflexiones-de-belarmino\/wp-json\/wp\/v2\/comments?post=35336"}],"version-history":[{"count":1,"href":"https:\/\/blogs.elcomercio.es\/reflexiones-de-belarmino\/wp-json\/wp\/v2\/posts\/35336\/revisions"}],"predecessor-version":[{"id":35337,"href":"https:\/\/blogs.elcomercio.es\/reflexiones-de-belarmino\/wp-json\/wp\/v2\/posts\/35336\/revisions\/35337"}],"wp:attachment":[{"href":"https:\/\/blogs.elcomercio.es\/reflexiones-de-belarmino\/wp-json\/wp\/v2\/media?parent=35336"}],"wp:term":[{"taxonomy":"category","embeddable":true,"href":"https:\/\/blogs.elcomercio.es\/reflexiones-de-belarmino\/wp-json\/wp\/v2\/categories?post=35336"},{"taxonomy":"post_tag","embeddable":true,"href":"https:\/\/blogs.elcomercio.es\/reflexiones-de-belarmino\/wp-json\/wp\/v2\/tags?post=35336"}],"curies":[{"name":"wp","href":"https:\/\/api.w.org\/{rel}","templated":true}]}}