{"id":35338,"date":"2024-03-22T18:04:48","date_gmt":"2024-03-22T17:04:48","guid":{"rendered":"https:\/\/blogs.elcomercio.es\/reflexiones-de-belarmino\/?p=35338"},"modified":"2024-03-22T18:09:07","modified_gmt":"2024-03-22T17:09:07","slug":"la-honestidad-el-mayor-valor-del-pueblo-mexicano-mayoritario-y-moreno","status":"publish","type":"post","link":"https:\/\/blogs.elcomercio.es\/reflexiones-de-belarmino\/2024\/03\/22\/la-honestidad-el-mayor-valor-del-pueblo-mexicano-mayoritario-y-moreno\/","title":{"rendered":"\u00a1\u00a1\u00a1.- LA HONESTIDAD EL  MAYOR VALOR DEL PUEBLO MEXICANO MAYORITARIO Y MORENO !!!"},"content":{"rendered":"<p><strong>Hoy en Veracruz, ya en el Golfo de M\u00e9xico, el presidente de la Republica present\u00f3 al gobernador del estado,\u00a0 Cuitlahuac Garcia COMO EL PRIMER GOBERNADOR DE ESE ESTADO NO CORRUPTO EN 50 A\u00d1OS..(Veracrcruz, casi tan grande como Cuba, pero con Petroleo)<\/strong><\/p>\n<p><b>&#8221; Eso lo saben todos ustedes&#8221; reiter\u00f3 ante la prensa pero en internet en la Ma\u00f1anera de hoy 22 de marzo.&#8221;EL PRINCIPAL PROBLEMA DE MEXICO HA SIDO LA CORRUPCI\u00d3N.&#8221;.<\/b><\/p>\n<p><b>La concepci\u00f3n de los gobernadores neoliberales era que los problemas no eran del pueblo que no estaba capacitado para resolverlos sino de ellos los pol\u00edticos. Los padres, les dec\u00edan a sus hijos, &#8221; si quieres que te vaya bien en la vida, sigue el ejemplo del SE\u00d1OR(refiri\u00e9ndose\u00a0al gobernador, que viv\u00eda\u00a0en lujosa ostentaci\u00f3n e inmoral vida personal).<\/b><\/p>\n<p><b>&#8221; \u00a1\u00a1\u00a1NO ,NO SOMOS IGUALES!!!. El pueblo es mucha pieza y ah\u00ed est\u00e1n los resultados en estos cinco a\u00f1os de la IV Transformaci\u00f3n, donde han surgido de la base del pueblo,ministros, gobernadoras, lideres, gerentes de las 2,750 sucursales del Banco del Bienestar, ingenieros militares, trabajadores para las obras en todo el pa\u00eds.El pueblo mexicano es hoy uno de los mejor informados del mundo.<\/b><\/p>\n<p><strong>Y puso el ejemplo de la encuesta del principal diario opositor del pa\u00eds, en relaci\u00f3n a la aceptaci\u00f3n del trabajo del presidente en estos 5 a\u00f1os: 73 % A FAVOR y el 24 %\u00a0 EN CONTRA.<\/strong><\/p>\n<p><b>Se\u00f1al\u00e1bamos como en la encuesta hecha cada mes en los Estados Unidos, LOPEZ OBRADOR YA PASO A MODI y tiene el 83 % de aceptaci\u00f3n, ahora\u00a0s\u00f3lo del presidente de Indonesia, que encabeza la aceptaci\u00f3n con el 89 %.<\/b><\/p>\n<p><strong>Por cierto coment\u00f3 antes todos como la derecha de Espa\u00f1a se ha incorporado a la lucha contra la IV Transformaci\u00f3n, en relaci\u00f3n al PP y VOX<\/strong><\/p>\n<!-- AddThis Advanced Settings generic via filter on the_content --><!-- AddThis Share Buttons generic via filter on the_content -->","protected":false},"excerpt":{"rendered":"<p>Hoy en Veracruz, ya en el Golfo de M\u00e9xico, el presidente de la Republica present\u00f3 al gobernador del estado,\u00a0 Cuitlahuac Garcia COMO EL PRIMER GOBERNADOR DE ESE ESTADO NO CORRUPTO EN 50 A\u00d1OS..(Veracrcruz, casi tan grande como Cuba, pero con Petroleo) &#8221; Eso lo saben todos ustedes&#8221; reiter\u00f3 ante la prensa pero en internet en [&hellip;]<!-- AddThis Advanced Settings generic via filter on get_the_excerpt --><!-- AddThis Share Buttons generic via filter on get_the_excerpt --><\/p>\n","protected":false},"author":16,"featured_media":0,"comment_status":"open","ping_status":"closed","sticky":false,"template":"","format":"standard","meta":[],"categories":[1],"tags":[],"_links":{"self":[{"href":"https:\/\/blogs.elcomercio.es\/reflexiones-de-belarmino\/wp-json\/wp\/v2\/posts\/35338"}],"collection":[{"href":"https:\/\/blogs.elcomercio.es\/reflexiones-de-belarmino\/wp-json\/wp\/v2\/posts"}],"about":[{"href":"https:\/\/blogs.elcomercio.es\/reflexiones-de-belarmino\/wp-json\/wp\/v2\/types\/post"}],"author":[{"embeddable":true,"href":"https:\/\/blogs.elcomercio.es\/reflexiones-de-belarmino\/wp-json\/wp\/v2\/users\/16"}],"replies":[{"embeddable":true,"href":"https:\/\/blogs.elcomercio.es\/reflexiones-de-belarmino\/wp-json\/wp\/v2\/comments?post=35338"}],"version-history":[{"count":2,"href":"https:\/\/blogs.elcomercio.es\/reflexiones-de-belarmino\/wp-json\/wp\/v2\/posts\/35338\/revisions"}],"predecessor-version":[{"id":35340,"href":"https:\/\/blogs.elcomercio.es\/reflexiones-de-belarmino\/wp-json\/wp\/v2\/posts\/35338\/revisions\/35340"}],"wp:attachment":[{"href":"https:\/\/blogs.elcomercio.es\/reflexiones-de-belarmino\/wp-json\/wp\/v2\/media?parent=35338"}],"wp:term":[{"taxonomy":"category","embeddable":true,"href":"https:\/\/blogs.elcomercio.es\/reflexiones-de-belarmino\/wp-json\/wp\/v2\/categories?post=35338"},{"taxonomy":"post_tag","embeddable":true,"href":"https:\/\/blogs.elcomercio.es\/reflexiones-de-belarmino\/wp-json\/wp\/v2\/tags?post=35338"}],"curies":[{"name":"wp","href":"https:\/\/api.w.org\/{rel}","templated":true}]}}