{"id":35349,"date":"2024-03-23T12:40:55","date_gmt":"2024-03-23T11:40:55","guid":{"rendered":"https:\/\/blogs.elcomercio.es\/reflexiones-de-belarmino\/?p=35349"},"modified":"2024-03-23T12:40:55","modified_gmt":"2024-03-23T11:40:55","slug":"xochitl-galvez-candidata-del-pri-pan-prd-%c2%b7-con-vox-ni-a-la-esquina","status":"publish","type":"post","link":"https:\/\/blogs.elcomercio.es\/reflexiones-de-belarmino\/2024\/03\/23\/xochitl-galvez-candidata-del-pri-pan-prd-%c2%b7-con-vox-ni-a-la-esquina\/","title":{"rendered":"\u00a1\u00a1\u00a1\u00a1XOCHITL GALVEZ CANDIDATA DEL PRI-PAN.PRD : \u00b7&#8221; CON VOX, NI A LA ESQUINA &#8220;!!!!"},"content":{"rendered":"<p><b>Grave derrota de Felipe Calderon, en su reconquista de Am\u00e9rica. Gracias a la visita de la &#8221; Marquesa de Casa Fuerte&#8221;, Cayetana Alvarez de Toledo, hubo respuesta en todo M\u00e9xico, ante la &#8220;intromisi\u00f3n de la derecha espa\u00f1ola en las elecciones\u00a0mexicanas &#8220;. Primero hicieron p\u00fablicos todos los documentos\u00a0oficiales del adeudo de\u00a0 Ricardo Salinas Pliego, pero es que que ayer la otra candidata a la presidencia de la Reepublica Mexicana, Xochitl Galvez(PRI-PAN-PRD), dijo:<\/b><\/p>\n<p><strong>&#8221; CON VOX, NI A LA ESQUINA&#8221;.<\/strong><\/p>\n<p><b>Hoy, Calder\u00f3n ha pedido a Jalisco nuevas reservas de tequilita&#8230;&#8230;<\/b><\/p>\n<p><b>\u00c9l, el lider desde Espa\u00f1a, en FAES, contra la IV TRansformaci\u00f3n, tuvo doble derrota. Aire\u00f3 en M\u00e9xico, lo que el pueblo que recibe\u00a0muy bien a los espa\u00f1oles, pero que\u00a0no olvida a los que\u00a0llegan en plan de conquistadores, est\u00e1n de lleno metidos en la campa\u00f1a electoral pero, hasta XOchitl, marc\u00f3 distancias con la derecha espa\u00f1ola y con VOX.<\/b><\/p>\n<p><b>Gracias don Felipe y don Jos\u00e9 Mar\u00eda&#8230;&#8230;El M\u00e9xico del 2024, nada que ver con el 2006, donde la intervenci\u00f3n\u00a0de Aznar con Karl Rowe, propici\u00f3\u00a0el fraude por 200,000 votos a L\u00f3pez Obrador, y lleg\u00f3 a la presidencia a aquel Felipillo, que este autor conoci\u00f3\u00a0muy bien, al presidir ambos la LV Legislatura de la C\u00e1mara de Diputados.<\/b><\/p>\n<p><b>Calderon, al final\u00a0 carga 100,000 muertos en contra. El nieto de Belarmino, prefiri\u00f3 venir en 2007 a enfrentar\u00a0no al empleado, Calder\u00f3n, sino el Jefe Aznar, iluso de aquel lo podr\u00eda hacer con aquel PSOE que ten\u00eda en la memoria., pero que habia desaparecido con Villa y todos los presidentes, Alcaldes que nombr\u00f3 40 a\u00f1os \u00e9l, empezando por aquel mediocre\u00a0que nunca miraba a los ojos llamado Javier Fern\u00e1ndez, que tard\u00f3 6 meses en recibirme.<\/b><\/p>\n<p><b>Gracias a aquel desprecio, puede hacer la SEGUNDA VIDA, tan rica, tan profunda, tan serena con mis 470 euros al mes y no los millones de Calder\u00f3n, pero con la conciencia tranquila, habiendo dejado 67 a\u00f1os de mi vida, como un modesto luchador\u00a0en M\u00e9xico, para el NUEVO PA\u00cdS\u00a0QUE AHORA DISFRUTAN MIS HIJAS Y MIS NIETOS, y, sobre todos los millones de mujeres y hombre morenos y mayoritarios.<\/b><\/p>\n<p><strong>Lecciones de la vida.<\/strong><\/p>\n<p>&nbsp;<\/p>\n<!-- AddThis Advanced Settings generic via filter on the_content --><!-- AddThis Share Buttons generic via filter on the_content -->","protected":false},"excerpt":{"rendered":"<p>Grave derrota de Felipe Calderon, en su reconquista de Am\u00e9rica. Gracias a la visita de la &#8221; Marquesa de Casa Fuerte&#8221;, Cayetana Alvarez de Toledo, hubo respuesta en todo M\u00e9xico, ante la &#8220;intromisi\u00f3n de la derecha espa\u00f1ola en las elecciones\u00a0mexicanas &#8220;. Primero hicieron p\u00fablicos todos los documentos\u00a0oficiales del adeudo de\u00a0 Ricardo Salinas Pliego, pero es [&hellip;]<!-- AddThis Advanced Settings generic via filter on get_the_excerpt --><!-- AddThis Share Buttons generic via filter on get_the_excerpt --><\/p>\n","protected":false},"author":16,"featured_media":0,"comment_status":"open","ping_status":"closed","sticky":false,"template":"","format":"standard","meta":[],"categories":[1],"tags":[],"_links":{"self":[{"href":"https:\/\/blogs.elcomercio.es\/reflexiones-de-belarmino\/wp-json\/wp\/v2\/posts\/35349"}],"collection":[{"href":"https:\/\/blogs.elcomercio.es\/reflexiones-de-belarmino\/wp-json\/wp\/v2\/posts"}],"about":[{"href":"https:\/\/blogs.elcomercio.es\/reflexiones-de-belarmino\/wp-json\/wp\/v2\/types\/post"}],"author":[{"embeddable":true,"href":"https:\/\/blogs.elcomercio.es\/reflexiones-de-belarmino\/wp-json\/wp\/v2\/users\/16"}],"replies":[{"embeddable":true,"href":"https:\/\/blogs.elcomercio.es\/reflexiones-de-belarmino\/wp-json\/wp\/v2\/comments?post=35349"}],"version-history":[{"count":2,"href":"https:\/\/blogs.elcomercio.es\/reflexiones-de-belarmino\/wp-json\/wp\/v2\/posts\/35349\/revisions"}],"predecessor-version":[{"id":35351,"href":"https:\/\/blogs.elcomercio.es\/reflexiones-de-belarmino\/wp-json\/wp\/v2\/posts\/35349\/revisions\/35351"}],"wp:attachment":[{"href":"https:\/\/blogs.elcomercio.es\/reflexiones-de-belarmino\/wp-json\/wp\/v2\/media?parent=35349"}],"wp:term":[{"taxonomy":"category","embeddable":true,"href":"https:\/\/blogs.elcomercio.es\/reflexiones-de-belarmino\/wp-json\/wp\/v2\/categories?post=35349"},{"taxonomy":"post_tag","embeddable":true,"href":"https:\/\/blogs.elcomercio.es\/reflexiones-de-belarmino\/wp-json\/wp\/v2\/tags?post=35349"}],"curies":[{"name":"wp","href":"https:\/\/api.w.org\/{rel}","templated":true}]}}